{"id":5956,"date":"2021-07-27T14:20:04","date_gmt":"2021-07-27T12:20:04","guid":{"rendered":"https:\/\/comunitafiglididio.net\/?p=5956"},"modified":"2024-02-27T08:36:39","modified_gmt":"2024-02-27T07:36:39","slug":"estatutos-art-13","status":"publish","type":"post","link":"https:\/\/www.comunitafiglididio.net\/es\/estatutos-art-13\/","title":{"rendered":"Ejercicios y meditaciones a los consagrados de Colombia."},"content":{"rendered":"\r\n<p class=\"has-medium-font-size wp-block-paragraph\">Del 16 al 20 de julio de 2021, el p. Paolo Radice ha dictado estas meditaciones a los treinta<br \/>participantes en los Ejercicios espirituales realizados en la Casa Nazaret de San Jos\u00e9 del<br \/>Guaviare. Las charlas estudian algunos aspectos del art\u00edculo 13 de los Estatutos de la<br \/>Comunidad de los hijos de Dios y ofrecen un amplio abanico de lecturas para complementar y ahondar en los temas tratados.<\/p>\r\n\r\n\r\n\r\n<p class=\"has-large-font-size wp-block-paragraph\"><strong>Estatutos Art. 13<\/strong><\/p>\r\n\r\n\r\n\r\n<p class=\"has-drop-cap wp-block-paragraph\" style=\"font-size: 30px;\">Con la consagraci\u00f3n el aspirante se une para siempre a la Comunidad, asumiendo el compromiso de tender hacia la perfecci\u00f3n de la vida cristiana. Esta perfecci\u00f3n consiste en la caridad, a la cual se comprometen los hermanos y hermanas seg\u00fan los <em>Estatutos<\/em> y los <em>Reglamentos<\/em> propios de cada Rama.<\/p>\r\n\r\n\r\n\r\n<figure class=\"wp-block-image aligncenter size-large\"><img decoding=\"async\" class=\"wp-image-6053\" src=\"https:\/\/comunitafiglididio.net\/wp-content\/uploads\/2021\/07\/DSC_0029-1024x683.jpg\" alt=\"\" \/>\r\n<figcaption class=\"wp-element-caption\"><em>San Jos\u00e9 del Guaviare, 20 de julio de 2021<\/em><\/figcaption>\r\n<\/figure>\r\n\r\n\r\n\r\n<figure class=\"wp-block-image aligncenter size-large is-resized\"><img decoding=\"async\" class=\"wp-image-7195\" style=\"width: 705px; height: 502px;\" src=\"https:\/\/comunitafiglididio.net\/wp-content\/uploads\/2022\/02\/Ejercicios-San-Jose-1-novembre-2021ok-1024x730.jpg\" alt=\"San Jos\u00e9 del Guaviare, 1ro de noviembre de 2021\" \/>\r\n<figcaption class=\"wp-element-caption\"><em>San Jos\u00e9 del Guaviare, 1<sup>ro<\/sup> de noviembre de 2021<\/em><\/figcaption>\r\n<\/figure>\r\n\r\n\r\n\r\n<p class=\"has-medium-font-size wp-block-paragraph\">El p. Paolo Radice, dictando los Ejercicios espirituales a los consagrados reunidos en San Jos\u00e9 del Guaviare, del 28 de octubre al 1ro de noviembre de 2021, profundiza en las primeras palabras del art\u00edculo 1 de los Estatutos, poniendo en evidencia el tema de la unidad en la Comunidad.<\/p>\r\n\r\n\r\n\r\n<figure class=\"wp-block-image aligncenter size-full\"><img decoding=\"async\" class=\"wp-image-6807\" src=\"https:\/\/comunitafiglididio.net\/wp-content\/uploads\/2022\/01\/Ejercicios-Buga-5-dicembre-2021.jpg\" alt=\"Tulu\u00e1, 5 de diciembre de 2021\" \/>\r\n<figcaption class=\"wp-element-caption\"><em>Tulu\u00e1, 5 de diciembre de 2021<\/em><\/figcaption>\r\n<\/figure>\r\n\r\n\r\n\r\n<p class=\"has-medium-font-size wp-block-paragraph\">Los Ejercicios dictados en Tulu\u00e1, Valle, del 1ro al 5 de diciembre de 2021, que vieron reunidos a los consagrados de Buga, junto con algunos venidos de Bogot\u00e1 y Manizales, se enfocaron en la consagraci\u00f3n al Verbo encarnado, inspir\u00e1ndose siempre en Estatutos 1.<\/p>\r\n\r\n\r\n\r\n<p class=\"has-medium-font-size wp-block-paragraph\">En los Ejercicios de Medell\u00edn, del 9 al 13 de diciembre de 2021, considerando el art\u00edculo 1 de los Estatutos, el p. Paolo se concentra en la consagraci\u00f3n a la Virgen Mar\u00eda como se propone en la Comunidad.<\/p>\r\n\r\n\r\n\r\n<figure class=\"wp-block-image aligncenter size-full is-resized\"><img decoding=\"async\" class=\"wp-image-7168\" style=\"width: 431px; height: 582px;\" src=\"https:\/\/comunitafiglididio.net\/wp-content\/uploads\/2022\/02\/Ejercicios-Medellin-13-dicembre-2021ok.jpg\" alt=\"\" \/>\r\n<figcaption class=\"wp-element-caption\"><em>Medell\u00edn, 13 de diciembre de 2021<\/em><\/figcaption>\r\n<\/figure>\r\n\r\n\r\n\r\n<figure class=\"wp-block-image aligncenter size-large\"><img decoding=\"async\" class=\"wp-image-7182\" src=\"https:\/\/comunitafiglididio.net\/wp-content\/uploads\/2022\/02\/Ejercicios-Subia-21-novembre-2021-1024x576.jpg\" alt=\"\" \/>\r\n<figcaption class=\"wp-element-caption\"><em>Subia, 21 de noviembre de 2021<\/em><\/figcaption>\r\n<\/figure>\r\n\r\n\r\n\r\n<p class=\"has-medium-font-size wp-block-paragraph\">En Subia, Cundinamarca, del 17 al 21 de noviembre de 2021, se afront\u00f3 el comentario del art\u00edculo 1 de los Estatutos, poniendo en evidencia la consagraci\u00f3n a la Iglesia.<\/p>\r\n\r\n\r\n\r\n<p class=\"has-medium-font-size wp-block-paragraph\">El p. Paolo comenta las <strong>Bienaventuranzas<\/strong>, \u00faltima de las cuatro oraciones diarias de la Comunidad, a los consagrados reunidos en <em>Subia<\/em> (Cundinamarca) para los Ejercicios espirituales del 10 al 14 de noviembre de 2022.<\/p>\r\n\r\n\r\n\r\n<p class=\"has-medium-font-size wp-block-paragraph\">Del 3 al 7 de noviembre de 2022 el p. Paolo dirigi\u00f3 los Ejercicios espirituales en <em>San Jos\u00e9 del Guaviare<\/em> sobre el tema del <strong>Escucha Israel<\/strong>, la primera de las cuatro oraciones diarias de la Comunidad.<\/p>\r\n\r\n\r\n\r\n<p class=\"has-medium-font-size wp-block-paragraph\"><style type=\"text\/css\">p { line-height: 115%; margin-bottom: 0.25cm; background: transparent }<\/style><\/p>\r\n\r\n\r\n\r\n<p class=\"has-medium-font-size wp-block-paragraph\">En la Casa de retiro de las Hermanas Lauritas en Girardota, se celebraron los Ejercicios espirituales de <em>Medell\u00edn<\/em>, dirigidos por el p. Paolo del 1 al 5 de diciembre de 2022, sobre el tema del <strong>Padrenuestro<\/strong>, la segunda de las cuatro oraciones diarias de la Comunidad. Estuvieron presentes tambi\u00e9n diez hermanos de Vistahermosa (Meta) y un consagrado de San Jos\u00e9 del Guaviare.<\/p>\r\n\r\n\r\n\r\n<p class=\"has-text-align-center has-large-font-size wp-block-paragraph\"><strong>Ejercicios espirituales, San Jos\u00e9 del Guaviare<\/strong><br \/>18 a 22 de mayo de 2023<\/p>\r\n\r\n\r\n\r\n<figure class=\"wp-block-gallery aligncenter has-nested-images columns-default is-cropped wp-block-gallery-1 is-layout-flex wp-block-gallery-is-layout-flex\">\r\n<figure class=\"wp-block-image size-large\"><img decoding=\"async\" data-id=\"8047\" class=\"wp-image-8047\" src=\"https:\/\/comunitafiglididio.net\/wp-content\/uploads\/2023\/05\/Alabanzas-708x1024.jpg\" alt=\"\" \/><\/figure>\r\n\r\n\r\n\r\n<figure class=\"wp-block-image size-large\"><img decoding=\"async\" data-id=\"8040\" class=\"wp-image-8040\" src=\"https:\/\/comunitafiglididio.net\/wp-content\/uploads\/2023\/05\/Bendicion-708x1024.jpg\" alt=\"\" \/><\/figure>\r\n<\/figure>\r\n\r\n\r\n\r\n<p class=\"has-medium-font-size wp-block-paragraph\">En San Jos\u00e9 del Guaviare, del 18 al 22 de mayo de 2023, el p. Paolo Radice completa el ciclo sobre las cuatro oraciones diarias de la Comunidad, hablando de las <em>Alabanzas a Dios alt\u00edsimo<\/em> de san Francisco de As\u00eds. Con los audios van im\u00e1genes y textos para el trabajo personal del cual se habla en las charlas.<\/p>\r\n\r\n\r\n\r\n<div class=\"wp-block-file alignleft\"><a id=\"wp-block-file--media-9060fde0-002d-49a4-90e7-5537e8e91090\" href=\"https:\/\/comunitafiglididio.net\/wp-content\/uploads\/2023\/05\/Lectio-divina.pdf\" target=\"_blank\" rel=\"noreferrer noopener\">Lectio-divina<\/a><a class=\"wp-block-file__button wp-element-button\" href=\"https:\/\/comunitafiglididio.net\/wp-content\/uploads\/2023\/05\/Lectio-divina.pdf\" download=\"\" aria-describedby=\"wp-block-file--media-9060fde0-002d-49a4-90e7-5537e8e91090\">Download<\/a><\/div>\r\n\r\n\r\n\r\n<div class=\"wp-block-file alignright\"><a id=\"wp-block-file--media-cf97f4b5-f561-43e9-82c7-2cd1355f1e55\" href=\"https:\/\/comunitafiglididio.net\/wp-content\/uploads\/2023\/05\/Texto-comparado.pdf\" target=\"_blank\" rel=\"noreferrer noopener\">Texto-comparado<\/a><a class=\"wp-block-file__button wp-element-button\" href=\"https:\/\/comunitafiglididio.net\/wp-content\/uploads\/2023\/05\/Texto-comparado.pdf\" download=\"\" aria-describedby=\"wp-block-file--media-cf97f4b5-f561-43e9-82c7-2cd1355f1e55\">Download<\/a><\/div>\r\n\r\n\r\n\r\n<div class=\"wp-block-file\"><a id=\"wp-block-file--media-91ff200a-6d36-47e2-87a8-0ad25e405131\" href=\"https:\/\/comunitafiglididio.net\/wp-content\/uploads\/2023\/05\/Plan-de-trabajo.pdf\" target=\"_blank\" rel=\"noreferrer noopener\">Plan-de-trabajo<\/a><a class=\"wp-block-file__button wp-element-button\" href=\"https:\/\/comunitafiglididio.net\/wp-content\/uploads\/2023\/05\/Plan-de-trabajo.pdf\" download=\"\" aria-describedby=\"wp-block-file--media-91ff200a-6d36-47e2-87a8-0ad25e405131\">Download<\/a><\/div>\r\n\r\n\r\n\r\n<figure class=\"wp-block-gallery has-nested-images columns-default is-cropped wp-block-gallery-2 is-layout-flex wp-block-gallery-is-layout-flex\">\r\n<figure class=\"wp-block-image size-large\"><img decoding=\"async\" data-id=\"8052\" class=\"wp-image-8052\" src=\"https:\/\/comunitafiglididio.net\/wp-content\/uploads\/2023\/05\/Giovanni-Cimabue-San-Francisco-de-Asis.jpg\" alt=\"\" \/><\/figure>\r\n\r\n\r\n\r\n<figure class=\"wp-block-image size-large\"><img decoding=\"async\" data-id=\"8057\" class=\"wp-image-8057\" src=\"https:\/\/comunitafiglididio.net\/wp-content\/uploads\/2023\/05\/Subiaco-San-Francisco-de-Asis-727x1024.jpg\" alt=\"\" \/><\/figure>\r\n<\/figure>\r\n\r\n\r\n\r\n<p class=\"wp-block-paragraph\">&nbsp;<\/p>\r\n\r\n\r\n\r\n<p class=\"has-text-align-center has-large-font-size wp-block-paragraph\"><strong>Ejercicios de Granada META <\/strong><br \/><strong><em>del 19 al 23 de julio de 2023<\/em><\/strong><\/p>\r\n\r\n\r\n\r\n<p class=\"has-medium-font-size wp-block-paragraph\">Otra vez el p. Paolo comenta la F\u00f3rmula de la consagraci\u00f3n, pero ya no desarrollando reflexiones libres sobre los temas del Verbo, de la Virgen y de la Iglesia, sino explicando la letra para que caigamos en cuenta de compromiso que asumimos al consagrarnos en la Comunidad de los hijos de Dios.<\/p>\r\n\r\n\r\n\r\n<p class=\"has-medium-font-size wp-block-paragraph\">Junto con los audios, aqu\u00ed se agrega el material que fue entregado para el trabajo personal de los participantes en los Ejercicios. Se trata del plan de lecturas (sobre Biblia y <em>Vadem\u00e9cum<\/em>) y preguntas, del esquema de emociones, con el cual se puede identificar el tipo de reacci\u00f3n interior suscitada por las lecturas, y sugerencias para la <em>lectio divina<\/em>.<\/p>\r\n\r\n\r\n\r\n<div class=\"wp-block-file\"><a id=\"wp-block-file--media-f7623bd6-9871-4b58-a7c9-88ef6300f243\" href=\"https:\/\/comunitafiglididio.net\/wp-content\/uploads\/2023\/11\/Plan-de-trabajo.pdf\"><strong>Plan de trabajo<\/strong><\/a><a class=\"wp-block-file__button wp-element-button\" href=\"https:\/\/comunitafiglididio.net\/wp-content\/uploads\/2023\/11\/Plan-de-trabajo.pdf\" download=\"\" aria-describedby=\"wp-block-file--media-f7623bd6-9871-4b58-a7c9-88ef6300f243\">Download<\/a><\/div>\r\n\r\n\r\n\r\n<div class=\"wp-block-file\"><a id=\"wp-block-file--media-6128e7d2-a0ce-4e73-b06e-08319ffa7e9e\" href=\"https:\/\/comunitafiglididio.net\/wp-content\/uploads\/2023\/11\/Esquema-emociones.pdf\"><strong>Esquema emociones<\/strong><\/a><a class=\"wp-block-file__button wp-element-button\" href=\"https:\/\/comunitafiglididio.net\/wp-content\/uploads\/2023\/11\/Esquema-emociones.pdf\" download=\"\" aria-describedby=\"wp-block-file--media-6128e7d2-a0ce-4e73-b06e-08319ffa7e9e\">Download<\/a><\/div>\r\n\r\n\r\n\r\n<div class=\"wp-block-file\"><a id=\"wp-block-file--media-32bd82e0-8750-45b9-aac7-e442fa096f61\" href=\"https:\/\/comunitafiglididio.net\/wp-content\/uploads\/2023\/11\/Lectio-divina.pdf\"><strong>Lectio divina<\/strong><\/a><a class=\"wp-block-file__button wp-element-button\" href=\"https:\/\/comunitafiglididio.net\/wp-content\/uploads\/2023\/11\/Lectio-divina.pdf\" download=\"\" aria-describedby=\"wp-block-file--media-32bd82e0-8750-45b9-aac7-e442fa096f61\">Download<\/a><\/div>\r\n\r\n","protected":false},"excerpt":{"rendered":"<p>Art. 13<\/p>\n<p>Con la consagraci\u00f3n el aspirante se une para siempre a la Comunidad, asumiendo el compromiso de tender hacia la perfecci\u00f3n de la vida cristiana. Esta perfecci\u00f3n consiste en la caridad, a la cual se comprometen los hermanos y hermanas seg\u00fan los Estatutos y los Reglamentos propios de cada Rama.<\/p>\n","protected":false},"author":2,"featured_media":9576,"comment_status":"closed","ping_status":"closed","sticky":false,"template":"","format":"standard","meta":{"_et_pb_use_builder":"","_et_pb_old_content":"","_et_gb_content_width":"","footnotes":""},"categories":[127],"tags":[128,126],"class_list":["post-5956","post","type-post","status-publish","format-standard","has-post-thumbnail","hentry","category-ejercicios-y-meditaciones-a-los-consagrados-de-colombia","tag-ejercicios-y-meditaciones-a-los-consagrados-de-colombia","tag-comunidad"],"aioseo_notices":[],"aioseo_head":"\n\t\t<!-- All in One SEO Pro 4.9.10 - aioseo.com -->\n\t<meta name=\"description\" content=\"Del 16 al 20 de julio de 2021, el p. Paolo Radice ha dictado estas meditaciones a los treintaparticipantes en los Ejercicios espirituales realizados en la Casa Nazaret de San Jos\u00e9 delGuaviare. Las charlas estudian algunos aspectos del art\u00edculo 13 de los Estatutos de laComunidad de los hijos de Dios y ofrecen un amplio abanico\" \/>\n\t<meta name=\"robots\" content=\"max-image-preview:large\" \/>\n\t<link rel=\"canonical\" href=\"https:\/\/www.comunitafiglididio.net\/es\/estatutos-art-13\/\" \/>\n\t<meta name=\"generator\" content=\"All in One SEO Pro (AIOSEO) 4.9.10\" \/>\n\t\t<meta property=\"og:locale\" content=\"es_ES\" \/>\n\t\t<meta property=\"og:site_name\" content=\"Comunit\u00e0 dei figli di Dio |\" \/>\n\t\t<meta property=\"og:type\" content=\"article\" \/>\n\t\t<meta property=\"og:title\" content=\"Ejercicios y meditaciones a los consagrados de Colombia. | Comunit\u00e0 dei figli di Dio\" \/>\n\t\t<meta property=\"og:description\" content=\"Del 16 al 20 de julio de 2021, el p. Paolo Radice ha dictado estas meditaciones a los treintaparticipantes en los Ejercicios espirituales realizados en la Casa Nazaret de San Jos\u00e9 delGuaviare. Las charlas estudian algunos aspectos del art\u00edculo 13 de los Estatutos de laComunidad de los hijos de Dios y ofrecen un amplio abanico\" \/>\n\t\t<meta property=\"og:url\" content=\"https:\/\/www.comunitafiglididio.net\/es\/estatutos-art-13\/\" \/>\n\t\t<meta property=\"og:image\" content=\"https:\/\/www.comunitafiglididio.net\/wp-content\/uploads\/2023\/04\/favicon-comunita-figli-di-dio.webp\" \/>\n\t\t<meta property=\"og:image:secure_url\" content=\"https:\/\/www.comunitafiglididio.net\/wp-content\/uploads\/2023\/04\/favicon-comunita-figli-di-dio.webp\" \/>\n\t\t<meta property=\"og:image:width\" content=\"512\" \/>\n\t\t<meta property=\"og:image:height\" content=\"512\" \/>\n\t\t<meta property=\"article:published_time\" content=\"2021-07-27T12:20:04+00:00\" \/>\n\t\t<meta property=\"article:modified_time\" content=\"2024-02-27T07:36:39+00:00\" \/>\n\t\t<meta name=\"twitter:card\" content=\"summary_large_image\" \/>\n\t\t<meta name=\"twitter:title\" content=\"Ejercicios y meditaciones a los consagrados de Colombia. | Comunit\u00e0 dei figli di Dio\" \/>\n\t\t<meta name=\"twitter:description\" content=\"Del 16 al 20 de julio de 2021, el p. Paolo Radice ha dictado estas meditaciones a los treintaparticipantes en los Ejercicios espirituales realizados en la Casa Nazaret de San Jos\u00e9 delGuaviare. Las charlas estudian algunos aspectos del art\u00edculo 13 de los Estatutos de laComunidad de los hijos de Dios y ofrecen un amplio abanico\" \/>\n\t\t<meta name=\"twitter:image\" content=\"https:\/\/www.comunitafiglididio.net\/wp-content\/uploads\/2023\/04\/favicon-comunita-figli-di-dio.webp\" \/>\n\t\t<script type=\"application\/ld+json\" class=\"aioseo-schema\">\n\t\t\t{\"@context\":\"https:\\\/\\\/schema.org\",\"@graph\":[{\"@type\":\"BlogPosting\",\"@id\":\"https:\\\/\\\/www.comunitafiglididio.net\\\/es\\\/estatutos-art-13\\\/#blogposting\",\"name\":\"Ejercicios y meditaciones a los consagrados de Colombia. | Comunit\\u00e0 dei figli di Dio\",\"headline\":\"Ejercicios y meditaciones a los consagrados de Colombia.\",\"author\":{\"@id\":\"https:\\\/\\\/www.comunitafiglididio.net\\\/es\\\/author\\\/gestorecfd\\\/#author\"},\"publisher\":{\"@id\":\"https:\\\/\\\/www.comunitafiglididio.net\\\/es\\\/#organization\"},\"image\":{\"@type\":\"ImageObject\",\"url\":\"https:\\\/\\\/www.comunitafiglididio.net\\\/wp-content\\\/uploads\\\/2022\\\/08\\\/divo-barsotti-il-padre.webp\",\"width\":1100,\"height\":700},\"datePublished\":\"2021-07-27T14:20:04+02:00\",\"dateModified\":\"2024-02-27T08:36:39+01:00\",\"inLanguage\":\"es-ES\",\"mainEntityOfPage\":{\"@id\":\"https:\\\/\\\/www.comunitafiglididio.net\\\/es\\\/estatutos-art-13\\\/#webpage\"},\"isPartOf\":{\"@id\":\"https:\\\/\\\/www.comunitafiglididio.net\\\/es\\\/estatutos-art-13\\\/#webpage\"},\"articleSection\":\"Ejercicios y meditaciones a los consagrados de Colombia, \\u201cEjercicios y meditaciones a los consagrados de Colombia\\u201d., Comunidad, Opcional\"},{\"@type\":\"BreadcrumbList\",\"@id\":\"https:\\\/\\\/www.comunitafiglididio.net\\\/es\\\/estatutos-art-13\\\/#breadcrumblist\",\"itemListElement\":[{\"@type\":\"ListItem\",\"@id\":\"https:\\\/\\\/www.comunitafiglididio.net\\\/es\\\/#listItem\",\"position\":1,\"name\":\"Home\",\"item\":\"https:\\\/\\\/www.comunitafiglididio.net\\\/es\\\/\",\"nextItem\":{\"@type\":\"ListItem\",\"@id\":\"https:\\\/\\\/www.comunitafiglididio.net\\\/es\\\/category\\\/ejercicios-y-meditaciones-a-los-consagrados-de-colombia\\\/#listItem\",\"name\":\"Ejercicios y meditaciones a los consagrados de Colombia\"}},{\"@type\":\"ListItem\",\"@id\":\"https:\\\/\\\/www.comunitafiglididio.net\\\/es\\\/category\\\/ejercicios-y-meditaciones-a-los-consagrados-de-colombia\\\/#listItem\",\"position\":2,\"name\":\"Ejercicios y meditaciones a los consagrados de Colombia\",\"item\":\"https:\\\/\\\/www.comunitafiglididio.net\\\/es\\\/category\\\/ejercicios-y-meditaciones-a-los-consagrados-de-colombia\\\/\",\"nextItem\":{\"@type\":\"ListItem\",\"@id\":\"https:\\\/\\\/www.comunitafiglididio.net\\\/es\\\/estatutos-art-13\\\/#listItem\",\"name\":\"Ejercicios y meditaciones a los consagrados de Colombia.\"},\"previousItem\":{\"@type\":\"ListItem\",\"@id\":\"https:\\\/\\\/www.comunitafiglididio.net\\\/es\\\/#listItem\",\"name\":\"Home\"}},{\"@type\":\"ListItem\",\"@id\":\"https:\\\/\\\/www.comunitafiglididio.net\\\/es\\\/estatutos-art-13\\\/#listItem\",\"position\":3,\"name\":\"Ejercicios y meditaciones a los consagrados de Colombia.\",\"previousItem\":{\"@type\":\"ListItem\",\"@id\":\"https:\\\/\\\/www.comunitafiglididio.net\\\/es\\\/category\\\/ejercicios-y-meditaciones-a-los-consagrados-de-colombia\\\/#listItem\",\"name\":\"Ejercicios y meditaciones a los consagrados de Colombia\"}}]},{\"@type\":\"Organization\",\"@id\":\"https:\\\/\\\/www.comunitafiglididio.net\\\/es\\\/#organization\",\"name\":\"Comunit\\u00e0 dei Figli di Dio\",\"url\":\"https:\\\/\\\/www.comunitafiglididio.net\\\/es\\\/\",\"logo\":{\"@type\":\"ImageObject\",\"url\":\"https:\\\/\\\/www.comunitafiglididio.net\\\/wp-content\\\/uploads\\\/2023\\\/04\\\/favicon-comunita-figli-di-dio.webp\",\"@id\":\"https:\\\/\\\/www.comunitafiglididio.net\\\/es\\\/estatutos-art-13\\\/#organizationLogo\",\"width\":512,\"height\":512},\"image\":{\"@id\":\"https:\\\/\\\/www.comunitafiglididio.net\\\/es\\\/estatutos-art-13\\\/#organizationLogo\"},\"sameAs\":[\"https:\\\/\\\/www.youtube.com\\\/channel\\\/UC_tqDZM6AxgkNPhIX3SzZdA\"]},{\"@type\":\"Person\",\"@id\":\"https:\\\/\\\/www.comunitafiglididio.net\\\/es\\\/author\\\/gestorecfd\\\/#author\",\"url\":\"https:\\\/\\\/www.comunitafiglididio.net\\\/es\\\/author\\\/gestorecfd\\\/\"},{\"@type\":\"WebPage\",\"@id\":\"https:\\\/\\\/www.comunitafiglididio.net\\\/es\\\/estatutos-art-13\\\/#webpage\",\"url\":\"https:\\\/\\\/www.comunitafiglididio.net\\\/es\\\/estatutos-art-13\\\/\",\"name\":\"Ejercicios y meditaciones a los consagrados de Colombia. | Comunit\\u00e0 dei figli di Dio\",\"description\":\"Del 16 al 20 de julio de 2021, el p. Paolo Radice ha dictado estas meditaciones a los treintaparticipantes en los Ejercicios espirituales realizados en la Casa Nazaret de San Jos\\u00e9 delGuaviare. Las charlas estudian algunos aspectos del art\\u00edculo 13 de los Estatutos de laComunidad de los hijos de Dios y ofrecen un amplio abanico\",\"inLanguage\":\"es-ES\",\"isPartOf\":{\"@id\":\"https:\\\/\\\/www.comunitafiglididio.net\\\/es\\\/#website\"},\"breadcrumb\":{\"@id\":\"https:\\\/\\\/www.comunitafiglididio.net\\\/es\\\/estatutos-art-13\\\/#breadcrumblist\"},\"author\":{\"@id\":\"https:\\\/\\\/www.comunitafiglididio.net\\\/es\\\/author\\\/gestorecfd\\\/#author\"},\"creator\":{\"@id\":\"https:\\\/\\\/www.comunitafiglididio.net\\\/es\\\/author\\\/gestorecfd\\\/#author\"},\"image\":{\"@type\":\"ImageObject\",\"url\":\"https:\\\/\\\/www.comunitafiglididio.net\\\/wp-content\\\/uploads\\\/2022\\\/08\\\/divo-barsotti-il-padre.webp\",\"@id\":\"https:\\\/\\\/www.comunitafiglididio.net\\\/es\\\/estatutos-art-13\\\/#mainImage\",\"width\":1100,\"height\":700},\"primaryImageOfPage\":{\"@id\":\"https:\\\/\\\/www.comunitafiglididio.net\\\/es\\\/estatutos-art-13\\\/#mainImage\"},\"datePublished\":\"2021-07-27T14:20:04+02:00\",\"dateModified\":\"2024-02-27T08:36:39+01:00\"},{\"@type\":\"WebSite\",\"@id\":\"https:\\\/\\\/www.comunitafiglididio.net\\\/es\\\/#website\",\"url\":\"https:\\\/\\\/www.comunitafiglididio.net\\\/es\\\/\",\"name\":\"Comunit\\u00e0 dei Figli di Dio\",\"inLanguage\":\"es-ES\",\"publisher\":{\"@id\":\"https:\\\/\\\/www.comunitafiglididio.net\\\/es\\\/#organization\"}}]}\n\t\t<\/script>\n\t\t<!-- All in One SEO Pro -->\r\n\t\t<title>Ejercicios y meditaciones a los consagrados de Colombia. | Comunit\u00e0 dei figli di Dio<\/title>\n\n","aioseo_head_json":{"title":"Ejercicios y meditaciones a los consagrados de Colombia. | Comunit\u00e0 dei figli di Dio","description":"Del 16 al 20 de julio de 2021, el p. Paolo Radice ha dictado estas meditaciones a los treintaparticipantes en los Ejercicios espirituales realizados en la Casa Nazaret de San Jos\u00e9 delGuaviare. Las charlas estudian algunos aspectos del art\u00edculo 13 de los Estatutos de laComunidad de los hijos de Dios y ofrecen un amplio abanico","canonical_url":"https:\/\/www.comunitafiglididio.net\/es\/estatutos-art-13\/","robots":"max-image-preview:large","keywords":"","webmasterTools":{"miscellaneous":""},"schema":{"@context":"https:\/\/schema.org","@graph":[{"@type":"BlogPosting","@id":"https:\/\/www.comunitafiglididio.net\/es\/estatutos-art-13\/#blogposting","name":"Ejercicios y meditaciones a los consagrados de Colombia. | Comunit\u00e0 dei figli di Dio","headline":"Ejercicios y meditaciones a los consagrados de Colombia.","author":{"@id":"https:\/\/www.comunitafiglididio.net\/es\/author\/gestorecfd\/#author"},"publisher":{"@id":"https:\/\/www.comunitafiglididio.net\/es\/#organization"},"image":{"@type":"ImageObject","url":"https:\/\/www.comunitafiglididio.net\/wp-content\/uploads\/2022\/08\/divo-barsotti-il-padre.webp","width":1100,"height":700},"datePublished":"2021-07-27T14:20:04+02:00","dateModified":"2024-02-27T08:36:39+01:00","inLanguage":"es-ES","mainEntityOfPage":{"@id":"https:\/\/www.comunitafiglididio.net\/es\/estatutos-art-13\/#webpage"},"isPartOf":{"@id":"https:\/\/www.comunitafiglididio.net\/es\/estatutos-art-13\/#webpage"},"articleSection":"Ejercicios y meditaciones a los consagrados de Colombia, \u201cEjercicios y meditaciones a los consagrados de Colombia\u201d., Comunidad, Opcional"},{"@type":"BreadcrumbList","@id":"https:\/\/www.comunitafiglididio.net\/es\/estatutos-art-13\/#breadcrumblist","itemListElement":[{"@type":"ListItem","@id":"https:\/\/www.comunitafiglididio.net\/es\/#listItem","position":1,"name":"Home","item":"https:\/\/www.comunitafiglididio.net\/es\/","nextItem":{"@type":"ListItem","@id":"https:\/\/www.comunitafiglididio.net\/es\/category\/ejercicios-y-meditaciones-a-los-consagrados-de-colombia\/#listItem","name":"Ejercicios y meditaciones a los consagrados de Colombia"}},{"@type":"ListItem","@id":"https:\/\/www.comunitafiglididio.net\/es\/category\/ejercicios-y-meditaciones-a-los-consagrados-de-colombia\/#listItem","position":2,"name":"Ejercicios y meditaciones a los consagrados de Colombia","item":"https:\/\/www.comunitafiglididio.net\/es\/category\/ejercicios-y-meditaciones-a-los-consagrados-de-colombia\/","nextItem":{"@type":"ListItem","@id":"https:\/\/www.comunitafiglididio.net\/es\/estatutos-art-13\/#listItem","name":"Ejercicios y meditaciones a los consagrados de Colombia."},"previousItem":{"@type":"ListItem","@id":"https:\/\/www.comunitafiglididio.net\/es\/#listItem","name":"Home"}},{"@type":"ListItem","@id":"https:\/\/www.comunitafiglididio.net\/es\/estatutos-art-13\/#listItem","position":3,"name":"Ejercicios y meditaciones a los consagrados de Colombia.","previousItem":{"@type":"ListItem","@id":"https:\/\/www.comunitafiglididio.net\/es\/category\/ejercicios-y-meditaciones-a-los-consagrados-de-colombia\/#listItem","name":"Ejercicios y meditaciones a los consagrados de Colombia"}}]},{"@type":"Organization","@id":"https:\/\/www.comunitafiglididio.net\/es\/#organization","name":"Comunit\u00e0 dei Figli di Dio","url":"https:\/\/www.comunitafiglididio.net\/es\/","logo":{"@type":"ImageObject","url":"https:\/\/www.comunitafiglididio.net\/wp-content\/uploads\/2023\/04\/favicon-comunita-figli-di-dio.webp","@id":"https:\/\/www.comunitafiglididio.net\/es\/estatutos-art-13\/#organizationLogo","width":512,"height":512},"image":{"@id":"https:\/\/www.comunitafiglididio.net\/es\/estatutos-art-13\/#organizationLogo"},"sameAs":["https:\/\/www.youtube.com\/channel\/UC_tqDZM6AxgkNPhIX3SzZdA"]},{"@type":"Person","@id":"https:\/\/www.comunitafiglididio.net\/es\/author\/gestorecfd\/#author","url":"https:\/\/www.comunitafiglididio.net\/es\/author\/gestorecfd\/"},{"@type":"WebPage","@id":"https:\/\/www.comunitafiglididio.net\/es\/estatutos-art-13\/#webpage","url":"https:\/\/www.comunitafiglididio.net\/es\/estatutos-art-13\/","name":"Ejercicios y meditaciones a los consagrados de Colombia. | Comunit\u00e0 dei figli di Dio","description":"Del 16 al 20 de julio de 2021, el p. Paolo Radice ha dictado estas meditaciones a los treintaparticipantes en los Ejercicios espirituales realizados en la Casa Nazaret de San Jos\u00e9 delGuaviare. Las charlas estudian algunos aspectos del art\u00edculo 13 de los Estatutos de laComunidad de los hijos de Dios y ofrecen un amplio abanico","inLanguage":"es-ES","isPartOf":{"@id":"https:\/\/www.comunitafiglididio.net\/es\/#website"},"breadcrumb":{"@id":"https:\/\/www.comunitafiglididio.net\/es\/estatutos-art-13\/#breadcrumblist"},"author":{"@id":"https:\/\/www.comunitafiglididio.net\/es\/author\/gestorecfd\/#author"},"creator":{"@id":"https:\/\/www.comunitafiglididio.net\/es\/author\/gestorecfd\/#author"},"image":{"@type":"ImageObject","url":"https:\/\/www.comunitafiglididio.net\/wp-content\/uploads\/2022\/08\/divo-barsotti-il-padre.webp","@id":"https:\/\/www.comunitafiglididio.net\/es\/estatutos-art-13\/#mainImage","width":1100,"height":700},"primaryImageOfPage":{"@id":"https:\/\/www.comunitafiglididio.net\/es\/estatutos-art-13\/#mainImage"},"datePublished":"2021-07-27T14:20:04+02:00","dateModified":"2024-02-27T08:36:39+01:00"},{"@type":"WebSite","@id":"https:\/\/www.comunitafiglididio.net\/es\/#website","url":"https:\/\/www.comunitafiglididio.net\/es\/","name":"Comunit\u00e0 dei Figli di Dio","inLanguage":"es-ES","publisher":{"@id":"https:\/\/www.comunitafiglididio.net\/es\/#organization"}}]},"og:locale":"es_ES","og:site_name":"Comunit\u00e0 dei figli di Dio |","og:type":"article","og:title":"Ejercicios y meditaciones a los consagrados de Colombia. | Comunit\u00e0 dei figli di Dio","og:description":"Del 16 al 20 de julio de 2021, el p. Paolo Radice ha dictado estas meditaciones a los treintaparticipantes en los Ejercicios espirituales realizados en la Casa Nazaret de San Jos\u00e9 delGuaviare. Las charlas estudian algunos aspectos del art\u00edculo 13 de los Estatutos de laComunidad de los hijos de Dios y ofrecen un amplio abanico","og:url":"https:\/\/www.comunitafiglididio.net\/es\/estatutos-art-13\/","og:image":"https:\/\/www.comunitafiglididio.net\/wp-content\/uploads\/2023\/04\/favicon-comunita-figli-di-dio.webp","og:image:secure_url":"https:\/\/www.comunitafiglididio.net\/wp-content\/uploads\/2023\/04\/favicon-comunita-figli-di-dio.webp","og:image:width":512,"og:image:height":512,"article:published_time":"2021-07-27T12:20:04+00:00","article:modified_time":"2024-02-27T07:36:39+00:00","twitter:card":"summary_large_image","twitter:title":"Ejercicios y meditaciones a los consagrados de Colombia. | Comunit\u00e0 dei figli di Dio","twitter:description":"Del 16 al 20 de julio de 2021, el p. Paolo Radice ha dictado estas meditaciones a los treintaparticipantes en los Ejercicios espirituales realizados en la Casa Nazaret de San Jos\u00e9 delGuaviare. Las charlas estudian algunos aspectos del art\u00edculo 13 de los Estatutos de laComunidad de los hijos de Dios y ofrecen un amplio abanico","twitter:image":"https:\/\/www.comunitafiglididio.net\/wp-content\/uploads\/2023\/04\/favicon-comunita-figli-di-dio.webp"},"aioseo_meta_data":{"post_id":"5956","title":null,"description":null,"keywords":[],"keyphrases":{"focus":{"keyphrase":"","score":0,"analysis":{"keyphraseInTitle":{"score":0,"maxScore":9,"error":1}}},"additional":[]},"primary_term":null,"canonical_url":null,"og_title":null,"og_description":null,"og_object_type":"default","og_image_type":"default","og_image_url":null,"og_image_width":null,"og_image_height":null,"og_image_custom_url":null,"og_image_custom_fields":null,"og_video":"","og_custom_url":null,"og_article_section":null,"og_article_tags":[],"twitter_use_og":false,"twitter_card":"default","twitter_image_type":"default","twitter_image_url":null,"twitter_image_custom_url":null,"twitter_image_custom_fields":null,"twitter_title":null,"twitter_description":null,"schema":{"blockGraphs":[],"customGraphs":[],"default":{"data":{"Article":[],"Course":[],"Dataset":[],"FAQPage":[],"Movie":[],"Person":[],"Product":[],"ProductReview":[],"Car":[],"Recipe":[],"Service":[],"SoftwareApplication":[],"WebPage":[]},"graphName":"BlogPosting","isEnabled":true},"graphs":[]},"schema_type":"default","schema_type_options":null,"pillar_content":false,"robots_default":true,"robots_noindex":false,"robots_noarchive":false,"robots_nosnippet":false,"robots_nofollow":false,"robots_noimageindex":false,"robots_noodp":false,"robots_notranslate":false,"robots_max_snippet":"-1","robots_max_videopreview":"-1","robots_max_imagepreview":"large","priority":null,"frequency":"default","local_seo":null,"limit_modified_date":false,"open_ai":"{\"title\":{\"suggestions\":[],\"usage\":0},\"description\":{\"suggestions\":[],\"usage\":0}}","created":"2024-02-14 08:54:59","updated":"2026-07-30 12:48:32","ai":null,"breadcrumb_settings":null,"seo_analyzer_scan_date":"2026-07-30 12:47:27"},"aioseo_breadcrumb":"<div class=\"aioseo-breadcrumbs\"><span class=\"aioseo-breadcrumb\">\n\t<a href=\"https:\/\/www.comunitafiglididio.net\/es\/\" title=\"Home\">Home<\/a>\n<\/span><span class=\"aioseo-breadcrumb-separator\">&raquo;<\/span><span class=\"aioseo-breadcrumb\">\n\t<a href=\"https:\/\/www.comunitafiglididio.net\/es\/category\/ejercicios-y-meditaciones-a-los-consagrados-de-colombia\/\" title=\"Ejercicios y meditaciones a los consagrados de Colombia\">Ejercicios y meditaciones a los consagrados de Colombia<\/a>\n<\/span><span class=\"aioseo-breadcrumb-separator\">&raquo;<\/span><span class=\"aioseo-breadcrumb\">\n\tEjercicios y meditaciones a los consagrados de Colombia.\n<\/span><\/div>","aioseo_breadcrumb_json":[{"label":"Home","link":"https:\/\/www.comunitafiglididio.net\/es\/"},{"label":"Ejercicios y meditaciones a los consagrados de Colombia","link":"https:\/\/www.comunitafiglididio.net\/es\/category\/ejercicios-y-meditaciones-a-los-consagrados-de-colombia\/"},{"label":"Ejercicios y meditaciones a los consagrados de Colombia.","link":"https:\/\/www.comunitafiglididio.net\/es\/estatutos-art-13\/"}],"_links":{"self":[{"href":"https:\/\/www.comunitafiglididio.net\/es\/wp-json\/wp\/v2\/posts\/5956","targetHints":{"allow":["GET"]}}],"collection":[{"href":"https:\/\/www.comunitafiglididio.net\/es\/wp-json\/wp\/v2\/posts"}],"about":[{"href":"https:\/\/www.comunitafiglididio.net\/es\/wp-json\/wp\/v2\/types\/post"}],"author":[{"embeddable":true,"href":"https:\/\/www.comunitafiglididio.net\/es\/wp-json\/wp\/v2\/users\/2"}],"replies":[{"embeddable":true,"href":"https:\/\/www.comunitafiglididio.net\/es\/wp-json\/wp\/v2\/comments?post=5956"}],"version-history":[{"count":1,"href":"https:\/\/www.comunitafiglididio.net\/es\/wp-json\/wp\/v2\/posts\/5956\/revisions"}],"predecessor-version":[{"id":10488,"href":"https:\/\/www.comunitafiglididio.net\/es\/wp-json\/wp\/v2\/posts\/5956\/revisions\/10488"}],"wp:featuredmedia":[{"embeddable":true,"href":"https:\/\/www.comunitafiglididio.net\/es\/wp-json\/wp\/v2\/media\/9576"}],"wp:attachment":[{"href":"https:\/\/www.comunitafiglididio.net\/es\/wp-json\/wp\/v2\/media?parent=5956"}],"wp:term":[{"taxonomy":"category","embeddable":true,"href":"https:\/\/www.comunitafiglididio.net\/es\/wp-json\/wp\/v2\/categories?post=5956"},{"taxonomy":"post_tag","embeddable":true,"href":"https:\/\/www.comunitafiglididio.net\/es\/wp-json\/wp\/v2\/tags?post=5956"}],"curies":[{"name":"wp","href":"https:\/\/api.w.org\/{rel}","templated":true}]}}