{"id":4624,"date":"2020-12-18T13:45:38","date_gmt":"2020-12-18T12:45:38","guid":{"rendered":"https:\/\/comunitafiglididio.net\/?p=4624"},"modified":"2024-02-27T08:39:18","modified_gmt":"2024-02-27T07:39:18","slug":"preguntas-retoricas","status":"publish","type":"post","link":"https:\/\/www.comunitafiglididio.net\/es\/preguntas-retoricas\/","title":{"rendered":"Preguntas ret\u00f3ricas"},"content":{"rendered":"\r\n<p class=\"has-medium-font-size wp-block-paragraph\">\u00abEsta ma\u00f1ana me preguntaba si la palabra de Dios es de verdad palabra de Dios para m\u00ed. \u00bfEs Dios de verdad el que me habla o soy yo el que finjo escuchar a otro, mientras me escucho s\u00f3lo a m\u00ed mismo? Y me preguntaba: \u00bfMi oraci\u00f3n es de verdad mi palabra dirigida a Dios o m\u00e1s bien dirigida a m\u00ed mismo? A menudo, la vida religiosa \u00bfno es acaso algo irreal, falto de contenido, un dar vueltas en torno a s\u00ed mismo?<\/p>\r\n\r\n\r\n\r\n<p class=\"has-medium-font-size wp-block-paragraph\">[&#8230;] Sin duda estas preguntas son ret\u00f3ricas, pero debemos repet\u00edrnoslas continuamente, para que no sea ret\u00f3rica la vida\u00bb.<\/p>\r\n\r\n\r\n\r\n<p class=\"has-medium-font-size wp-block-paragraph\">Diario, 6 de noviembre de 1967<\/p>\r\n","protected":false},"excerpt":{"rendered":"<p>\u00abEsta ma\u00f1ana me preguntaba si la palabra de Dios es de verdad palabra de Dios para m\u00ed. \u00bfEs Dios de verdad el que me habla o soy yo el que finjo escuchar a otro, mientras me escucho s\u00f3lo a m\u00ed mismo? Y me preguntaba: \u00bfMi oraci\u00f3n es de verdad mi palabra dirigida a Dios o [&hellip;]<\/p>\n","protected":false},"author":2,"featured_media":9576,"comment_status":"closed","ping_status":"closed","sticky":false,"template":"","format":"standard","meta":{"_et_pb_use_builder":"","_et_pb_old_content":"","_et_gb_content_width":"","footnotes":""},"categories":[32,102],"tags":[31,101],"class_list":["post-4624","post","type-post","status-publish","format-standard","has-post-thumbnail","hentry","category-divo-barsotti-3","category-el-rastro-del-mes","tag-divo-barsotti-4","tag-el-rastro-del-mes"],"aioseo_notices":[],"aioseo_head":"\n\t\t<!-- All in One SEO Pro 4.9.10 - aioseo.com -->\n\t<meta name=\"description\" content=\"\u00abEsta ma\u00f1ana me preguntaba si la palabra de Dios es de verdad palabra de Dios para m\u00ed. \u00bfEs Dios de verdad el que me habla o soy yo el que finjo escuchar a otro, mientras me escucho s\u00f3lo a m\u00ed mismo? Y me preguntaba: \u00bfMi oraci\u00f3n es de verdad mi palabra dirigida a Dios o\" \/>\n\t<meta name=\"robots\" content=\"max-image-preview:large\" \/>\n\t<link rel=\"canonical\" href=\"https:\/\/www.comunitafiglididio.net\/es\/preguntas-retoricas\/\" \/>\n\t<meta name=\"generator\" content=\"All in One SEO Pro (AIOSEO) 4.9.10\" \/>\n\t\t<meta property=\"og:locale\" content=\"es_ES\" \/>\n\t\t<meta property=\"og:site_name\" content=\"Comunit\u00e0 dei figli di Dio |\" \/>\n\t\t<meta property=\"og:type\" content=\"article\" \/>\n\t\t<meta property=\"og:title\" content=\"Preguntas ret\u00f3ricas | Comunit\u00e0 dei figli di Dio\" \/>\n\t\t<meta property=\"og:description\" content=\"\u00abEsta ma\u00f1ana me preguntaba si la palabra de Dios es de verdad palabra de Dios para m\u00ed. \u00bfEs Dios de verdad el que me habla o soy yo el que finjo escuchar a otro, mientras me escucho s\u00f3lo a m\u00ed mismo? Y me preguntaba: \u00bfMi oraci\u00f3n es de verdad mi palabra dirigida a Dios o\" \/>\n\t\t<meta property=\"og:url\" content=\"https:\/\/www.comunitafiglididio.net\/es\/preguntas-retoricas\/\" \/>\n\t\t<meta property=\"og:image\" content=\"https:\/\/www.comunitafiglididio.net\/wp-content\/uploads\/2023\/04\/favicon-comunita-figli-di-dio.webp\" \/>\n\t\t<meta property=\"og:image:secure_url\" content=\"https:\/\/www.comunitafiglididio.net\/wp-content\/uploads\/2023\/04\/favicon-comunita-figli-di-dio.webp\" \/>\n\t\t<meta property=\"og:image:width\" content=\"512\" \/>\n\t\t<meta property=\"og:image:height\" content=\"512\" \/>\n\t\t<meta property=\"article:published_time\" content=\"2020-12-18T12:45:38+00:00\" \/>\n\t\t<meta property=\"article:modified_time\" content=\"2024-02-27T07:39:18+00:00\" \/>\n\t\t<meta name=\"twitter:card\" content=\"summary_large_image\" \/>\n\t\t<meta name=\"twitter:title\" content=\"Preguntas ret\u00f3ricas | Comunit\u00e0 dei figli di Dio\" \/>\n\t\t<meta name=\"twitter:description\" content=\"\u00abEsta ma\u00f1ana me preguntaba si la palabra de Dios es de verdad palabra de Dios para m\u00ed. \u00bfEs Dios de verdad el que me habla o soy yo el que finjo escuchar a otro, mientras me escucho s\u00f3lo a m\u00ed mismo? Y me preguntaba: \u00bfMi oraci\u00f3n es de verdad mi palabra dirigida a Dios o\" \/>\n\t\t<meta name=\"twitter:image\" content=\"https:\/\/www.comunitafiglididio.net\/wp-content\/uploads\/2023\/04\/favicon-comunita-figli-di-dio.webp\" \/>\n\t\t<script type=\"application\/ld+json\" class=\"aioseo-schema\">\n\t\t\t{\"@context\":\"https:\\\/\\\/schema.org\",\"@graph\":[{\"@type\":\"BlogPosting\",\"@id\":\"https:\\\/\\\/www.comunitafiglididio.net\\\/es\\\/preguntas-retoricas\\\/#blogposting\",\"name\":\"Preguntas ret\\u00f3ricas | Comunit\\u00e0 dei figli di Dio\",\"headline\":\"Preguntas ret\\u00f3ricas\",\"author\":{\"@id\":\"https:\\\/\\\/www.comunitafiglididio.net\\\/es\\\/author\\\/gestorecfd\\\/#author\"},\"publisher\":{\"@id\":\"https:\\\/\\\/www.comunitafiglididio.net\\\/es\\\/#organization\"},\"image\":{\"@type\":\"ImageObject\",\"url\":\"https:\\\/\\\/www.comunitafiglididio.net\\\/wp-content\\\/uploads\\\/2022\\\/08\\\/divo-barsotti-il-padre.webp\",\"width\":1100,\"height\":700},\"datePublished\":\"2020-12-18T13:45:38+01:00\",\"dateModified\":\"2024-02-27T08:39:18+01:00\",\"inLanguage\":\"es-ES\",\"mainEntityOfPage\":{\"@id\":\"https:\\\/\\\/www.comunitafiglididio.net\\\/es\\\/preguntas-retoricas\\\/#webpage\"},\"isPartOf\":{\"@id\":\"https:\\\/\\\/www.comunitafiglididio.net\\\/es\\\/preguntas-retoricas\\\/#webpage\"},\"articleSection\":\"Divo Barsotti, El rastro del mes, Divo Barsotti, El rastro del mes, Opcional\"},{\"@type\":\"BreadcrumbList\",\"@id\":\"https:\\\/\\\/www.comunitafiglididio.net\\\/es\\\/preguntas-retoricas\\\/#breadcrumblist\",\"itemListElement\":[{\"@type\":\"ListItem\",\"@id\":\"https:\\\/\\\/www.comunitafiglididio.net\\\/es\\\/#listItem\",\"position\":1,\"name\":\"Home\",\"item\":\"https:\\\/\\\/www.comunitafiglididio.net\\\/es\\\/\",\"nextItem\":{\"@type\":\"ListItem\",\"@id\":\"https:\\\/\\\/www.comunitafiglididio.net\\\/es\\\/category\\\/divo-barsotti-3\\\/#listItem\",\"name\":\"Divo Barsotti\"}},{\"@type\":\"ListItem\",\"@id\":\"https:\\\/\\\/www.comunitafiglididio.net\\\/es\\\/category\\\/divo-barsotti-3\\\/#listItem\",\"position\":2,\"name\":\"Divo Barsotti\",\"item\":\"https:\\\/\\\/www.comunitafiglididio.net\\\/es\\\/category\\\/divo-barsotti-3\\\/\",\"nextItem\":{\"@type\":\"ListItem\",\"@id\":\"https:\\\/\\\/www.comunitafiglididio.net\\\/es\\\/preguntas-retoricas\\\/#listItem\",\"name\":\"Preguntas ret\\u00f3ricas\"},\"previousItem\":{\"@type\":\"ListItem\",\"@id\":\"https:\\\/\\\/www.comunitafiglididio.net\\\/es\\\/#listItem\",\"name\":\"Home\"}},{\"@type\":\"ListItem\",\"@id\":\"https:\\\/\\\/www.comunitafiglididio.net\\\/es\\\/preguntas-retoricas\\\/#listItem\",\"position\":3,\"name\":\"Preguntas ret\\u00f3ricas\",\"previousItem\":{\"@type\":\"ListItem\",\"@id\":\"https:\\\/\\\/www.comunitafiglididio.net\\\/es\\\/category\\\/divo-barsotti-3\\\/#listItem\",\"name\":\"Divo Barsotti\"}}]},{\"@type\":\"Organization\",\"@id\":\"https:\\\/\\\/www.comunitafiglididio.net\\\/es\\\/#organization\",\"name\":\"Comunit\\u00e0 dei Figli di Dio\",\"url\":\"https:\\\/\\\/www.comunitafiglididio.net\\\/es\\\/\",\"logo\":{\"@type\":\"ImageObject\",\"url\":\"https:\\\/\\\/www.comunitafiglididio.net\\\/wp-content\\\/uploads\\\/2023\\\/04\\\/favicon-comunita-figli-di-dio.webp\",\"@id\":\"https:\\\/\\\/www.comunitafiglididio.net\\\/es\\\/preguntas-retoricas\\\/#organizationLogo\",\"width\":512,\"height\":512},\"image\":{\"@id\":\"https:\\\/\\\/www.comunitafiglididio.net\\\/es\\\/preguntas-retoricas\\\/#organizationLogo\"},\"sameAs\":[\"https:\\\/\\\/www.youtube.com\\\/channel\\\/UC_tqDZM6AxgkNPhIX3SzZdA\"]},{\"@type\":\"Person\",\"@id\":\"https:\\\/\\\/www.comunitafiglididio.net\\\/es\\\/author\\\/gestorecfd\\\/#author\",\"url\":\"https:\\\/\\\/www.comunitafiglididio.net\\\/es\\\/author\\\/gestorecfd\\\/\"},{\"@type\":\"WebPage\",\"@id\":\"https:\\\/\\\/www.comunitafiglididio.net\\\/es\\\/preguntas-retoricas\\\/#webpage\",\"url\":\"https:\\\/\\\/www.comunitafiglididio.net\\\/es\\\/preguntas-retoricas\\\/\",\"name\":\"Preguntas ret\\u00f3ricas | Comunit\\u00e0 dei figli di Dio\",\"description\":\"\\u00abEsta ma\\u00f1ana me preguntaba si la palabra de Dios es de verdad palabra de Dios para m\\u00ed. \\u00bfEs Dios de verdad el que me habla o soy yo el que finjo escuchar a otro, mientras me escucho s\\u00f3lo a m\\u00ed mismo? Y me preguntaba: \\u00bfMi oraci\\u00f3n es de verdad mi palabra dirigida a Dios o\",\"inLanguage\":\"es-ES\",\"isPartOf\":{\"@id\":\"https:\\\/\\\/www.comunitafiglididio.net\\\/es\\\/#website\"},\"breadcrumb\":{\"@id\":\"https:\\\/\\\/www.comunitafiglididio.net\\\/es\\\/preguntas-retoricas\\\/#breadcrumblist\"},\"author\":{\"@id\":\"https:\\\/\\\/www.comunitafiglididio.net\\\/es\\\/author\\\/gestorecfd\\\/#author\"},\"creator\":{\"@id\":\"https:\\\/\\\/www.comunitafiglididio.net\\\/es\\\/author\\\/gestorecfd\\\/#author\"},\"image\":{\"@type\":\"ImageObject\",\"url\":\"https:\\\/\\\/www.comunitafiglididio.net\\\/wp-content\\\/uploads\\\/2022\\\/08\\\/divo-barsotti-il-padre.webp\",\"@id\":\"https:\\\/\\\/www.comunitafiglididio.net\\\/es\\\/preguntas-retoricas\\\/#mainImage\",\"width\":1100,\"height\":700},\"primaryImageOfPage\":{\"@id\":\"https:\\\/\\\/www.comunitafiglididio.net\\\/es\\\/preguntas-retoricas\\\/#mainImage\"},\"datePublished\":\"2020-12-18T13:45:38+01:00\",\"dateModified\":\"2024-02-27T08:39:18+01:00\"},{\"@type\":\"WebSite\",\"@id\":\"https:\\\/\\\/www.comunitafiglididio.net\\\/es\\\/#website\",\"url\":\"https:\\\/\\\/www.comunitafiglididio.net\\\/es\\\/\",\"name\":\"Comunit\\u00e0 dei Figli di Dio\",\"inLanguage\":\"es-ES\",\"publisher\":{\"@id\":\"https:\\\/\\\/www.comunitafiglididio.net\\\/es\\\/#organization\"}}]}\n\t\t<\/script>\n\t\t<!-- All in One SEO Pro -->\r\n\t\t<title>Preguntas ret\u00f3ricas | Comunit\u00e0 dei figli di Dio<\/title>\n\n","aioseo_head_json":{"title":"Preguntas ret\u00f3ricas | Comunit\u00e0 dei figli di Dio","description":"\u00abEsta ma\u00f1ana me preguntaba si la palabra de Dios es de verdad palabra de Dios para m\u00ed. \u00bfEs Dios de verdad el que me habla o soy yo el que finjo escuchar a otro, mientras me escucho s\u00f3lo a m\u00ed mismo? Y me preguntaba: \u00bfMi oraci\u00f3n es de verdad mi palabra dirigida a Dios o","canonical_url":"https:\/\/www.comunitafiglididio.net\/es\/preguntas-retoricas\/","robots":"max-image-preview:large","keywords":"","webmasterTools":{"miscellaneous":""},"schema":{"@context":"https:\/\/schema.org","@graph":[{"@type":"BlogPosting","@id":"https:\/\/www.comunitafiglididio.net\/es\/preguntas-retoricas\/#blogposting","name":"Preguntas ret\u00f3ricas | Comunit\u00e0 dei figli di Dio","headline":"Preguntas ret\u00f3ricas","author":{"@id":"https:\/\/www.comunitafiglididio.net\/es\/author\/gestorecfd\/#author"},"publisher":{"@id":"https:\/\/www.comunitafiglididio.net\/es\/#organization"},"image":{"@type":"ImageObject","url":"https:\/\/www.comunitafiglididio.net\/wp-content\/uploads\/2022\/08\/divo-barsotti-il-padre.webp","width":1100,"height":700},"datePublished":"2020-12-18T13:45:38+01:00","dateModified":"2024-02-27T08:39:18+01:00","inLanguage":"es-ES","mainEntityOfPage":{"@id":"https:\/\/www.comunitafiglididio.net\/es\/preguntas-retoricas\/#webpage"},"isPartOf":{"@id":"https:\/\/www.comunitafiglididio.net\/es\/preguntas-retoricas\/#webpage"},"articleSection":"Divo Barsotti, El rastro del mes, Divo Barsotti, El rastro del mes, Opcional"},{"@type":"BreadcrumbList","@id":"https:\/\/www.comunitafiglididio.net\/es\/preguntas-retoricas\/#breadcrumblist","itemListElement":[{"@type":"ListItem","@id":"https:\/\/www.comunitafiglididio.net\/es\/#listItem","position":1,"name":"Home","item":"https:\/\/www.comunitafiglididio.net\/es\/","nextItem":{"@type":"ListItem","@id":"https:\/\/www.comunitafiglididio.net\/es\/category\/divo-barsotti-3\/#listItem","name":"Divo Barsotti"}},{"@type":"ListItem","@id":"https:\/\/www.comunitafiglididio.net\/es\/category\/divo-barsotti-3\/#listItem","position":2,"name":"Divo Barsotti","item":"https:\/\/www.comunitafiglididio.net\/es\/category\/divo-barsotti-3\/","nextItem":{"@type":"ListItem","@id":"https:\/\/www.comunitafiglididio.net\/es\/preguntas-retoricas\/#listItem","name":"Preguntas ret\u00f3ricas"},"previousItem":{"@type":"ListItem","@id":"https:\/\/www.comunitafiglididio.net\/es\/#listItem","name":"Home"}},{"@type":"ListItem","@id":"https:\/\/www.comunitafiglididio.net\/es\/preguntas-retoricas\/#listItem","position":3,"name":"Preguntas ret\u00f3ricas","previousItem":{"@type":"ListItem","@id":"https:\/\/www.comunitafiglididio.net\/es\/category\/divo-barsotti-3\/#listItem","name":"Divo Barsotti"}}]},{"@type":"Organization","@id":"https:\/\/www.comunitafiglididio.net\/es\/#organization","name":"Comunit\u00e0 dei Figli di Dio","url":"https:\/\/www.comunitafiglididio.net\/es\/","logo":{"@type":"ImageObject","url":"https:\/\/www.comunitafiglididio.net\/wp-content\/uploads\/2023\/04\/favicon-comunita-figli-di-dio.webp","@id":"https:\/\/www.comunitafiglididio.net\/es\/preguntas-retoricas\/#organizationLogo","width":512,"height":512},"image":{"@id":"https:\/\/www.comunitafiglididio.net\/es\/preguntas-retoricas\/#organizationLogo"},"sameAs":["https:\/\/www.youtube.com\/channel\/UC_tqDZM6AxgkNPhIX3SzZdA"]},{"@type":"Person","@id":"https:\/\/www.comunitafiglididio.net\/es\/author\/gestorecfd\/#author","url":"https:\/\/www.comunitafiglididio.net\/es\/author\/gestorecfd\/"},{"@type":"WebPage","@id":"https:\/\/www.comunitafiglididio.net\/es\/preguntas-retoricas\/#webpage","url":"https:\/\/www.comunitafiglididio.net\/es\/preguntas-retoricas\/","name":"Preguntas ret\u00f3ricas | Comunit\u00e0 dei figli di Dio","description":"\u00abEsta ma\u00f1ana me preguntaba si la palabra de Dios es de verdad palabra de Dios para m\u00ed. \u00bfEs Dios de verdad el que me habla o soy yo el que finjo escuchar a otro, mientras me escucho s\u00f3lo a m\u00ed mismo? Y me preguntaba: \u00bfMi oraci\u00f3n es de verdad mi palabra dirigida a Dios o","inLanguage":"es-ES","isPartOf":{"@id":"https:\/\/www.comunitafiglididio.net\/es\/#website"},"breadcrumb":{"@id":"https:\/\/www.comunitafiglididio.net\/es\/preguntas-retoricas\/#breadcrumblist"},"author":{"@id":"https:\/\/www.comunitafiglididio.net\/es\/author\/gestorecfd\/#author"},"creator":{"@id":"https:\/\/www.comunitafiglididio.net\/es\/author\/gestorecfd\/#author"},"image":{"@type":"ImageObject","url":"https:\/\/www.comunitafiglididio.net\/wp-content\/uploads\/2022\/08\/divo-barsotti-il-padre.webp","@id":"https:\/\/www.comunitafiglididio.net\/es\/preguntas-retoricas\/#mainImage","width":1100,"height":700},"primaryImageOfPage":{"@id":"https:\/\/www.comunitafiglididio.net\/es\/preguntas-retoricas\/#mainImage"},"datePublished":"2020-12-18T13:45:38+01:00","dateModified":"2024-02-27T08:39:18+01:00"},{"@type":"WebSite","@id":"https:\/\/www.comunitafiglididio.net\/es\/#website","url":"https:\/\/www.comunitafiglididio.net\/es\/","name":"Comunit\u00e0 dei Figli di Dio","inLanguage":"es-ES","publisher":{"@id":"https:\/\/www.comunitafiglididio.net\/es\/#organization"}}]},"og:locale":"es_ES","og:site_name":"Comunit\u00e0 dei figli di Dio |","og:type":"article","og:title":"Preguntas ret\u00f3ricas | Comunit\u00e0 dei figli di Dio","og:description":"\u00abEsta ma\u00f1ana me preguntaba si la palabra de Dios es de verdad palabra de Dios para m\u00ed. \u00bfEs Dios de verdad el que me habla o soy yo el que finjo escuchar a otro, mientras me escucho s\u00f3lo a m\u00ed mismo? Y me preguntaba: \u00bfMi oraci\u00f3n es de verdad mi palabra dirigida a Dios o","og:url":"https:\/\/www.comunitafiglididio.net\/es\/preguntas-retoricas\/","og:image":"https:\/\/www.comunitafiglididio.net\/wp-content\/uploads\/2023\/04\/favicon-comunita-figli-di-dio.webp","og:image:secure_url":"https:\/\/www.comunitafiglididio.net\/wp-content\/uploads\/2023\/04\/favicon-comunita-figli-di-dio.webp","og:image:width":512,"og:image:height":512,"article:published_time":"2020-12-18T12:45:38+00:00","article:modified_time":"2024-02-27T07:39:18+00:00","twitter:card":"summary_large_image","twitter:title":"Preguntas ret\u00f3ricas | Comunit\u00e0 dei figli di Dio","twitter:description":"\u00abEsta ma\u00f1ana me preguntaba si la palabra de Dios es de verdad palabra de Dios para m\u00ed. \u00bfEs Dios de verdad el que me habla o soy yo el que finjo escuchar a otro, mientras me escucho s\u00f3lo a m\u00ed mismo? Y me preguntaba: \u00bfMi oraci\u00f3n es de verdad mi palabra dirigida a Dios o","twitter:image":"https:\/\/www.comunitafiglididio.net\/wp-content\/uploads\/2023\/04\/favicon-comunita-figli-di-dio.webp"},"aioseo_meta_data":{"post_id":"4624","title":null,"description":null,"keywords":[],"keyphrases":{"focus":{"keyphrase":"","score":0,"analysis":{"keyphraseInTitle":{"score":0,"maxScore":9,"error":1}}},"additional":[]},"primary_term":null,"canonical_url":null,"og_title":null,"og_description":null,"og_object_type":"default","og_image_type":"default","og_image_url":null,"og_image_width":null,"og_image_height":null,"og_image_custom_url":null,"og_image_custom_fields":null,"og_video":"","og_custom_url":null,"og_article_section":null,"og_article_tags":[],"twitter_use_og":false,"twitter_card":"default","twitter_image_type":"default","twitter_image_url":null,"twitter_image_custom_url":null,"twitter_image_custom_fields":null,"twitter_title":null,"twitter_description":null,"schema":{"blockGraphs":[],"customGraphs":[],"default":{"data":{"Article":[],"Course":[],"Dataset":[],"FAQPage":[],"Movie":[],"Person":[],"Product":[],"ProductReview":[],"Car":[],"Recipe":[],"Service":[],"SoftwareApplication":[],"WebPage":[]},"graphName":"BlogPosting","isEnabled":true},"graphs":[]},"schema_type":"default","schema_type_options":null,"pillar_content":false,"robots_default":true,"robots_noindex":false,"robots_noarchive":false,"robots_nosnippet":false,"robots_nofollow":false,"robots_noimageindex":false,"robots_noodp":false,"robots_notranslate":false,"robots_max_snippet":"-1","robots_max_videopreview":"-1","robots_max_imagepreview":"large","priority":null,"frequency":"default","local_seo":null,"limit_modified_date":false,"open_ai":"{\"title\":{\"suggestions\":[],\"usage\":0},\"description\":{\"suggestions\":[],\"usage\":0}}","created":"2024-02-14 08:54:59","updated":"2026-07-30 12:43:22","ai":null,"breadcrumb_settings":null,"seo_analyzer_scan_date":"2026-07-30 12:39:41"},"aioseo_breadcrumb":"<div class=\"aioseo-breadcrumbs\"><span class=\"aioseo-breadcrumb\">\n\t<a href=\"https:\/\/www.comunitafiglididio.net\/es\/\" title=\"Home\">Home<\/a>\n<\/span><span class=\"aioseo-breadcrumb-separator\">&raquo;<\/span><span class=\"aioseo-breadcrumb\">\n\t<a href=\"https:\/\/www.comunitafiglididio.net\/es\/category\/divo-barsotti-3\/\" title=\"Divo Barsotti\">Divo Barsotti<\/a>\n<\/span><span class=\"aioseo-breadcrumb-separator\">&raquo;<\/span><span class=\"aioseo-breadcrumb\">\n\tPreguntas ret\u00f3ricas\n<\/span><\/div>","aioseo_breadcrumb_json":[{"label":"Home","link":"https:\/\/www.comunitafiglididio.net\/es\/"},{"label":"Divo Barsotti","link":"https:\/\/www.comunitafiglididio.net\/es\/category\/divo-barsotti-3\/"},{"label":"Preguntas ret\u00f3ricas","link":"https:\/\/www.comunitafiglididio.net\/es\/preguntas-retoricas\/"}],"_links":{"self":[{"href":"https:\/\/www.comunitafiglididio.net\/es\/wp-json\/wp\/v2\/posts\/4624","targetHints":{"allow":["GET"]}}],"collection":[{"href":"https:\/\/www.comunitafiglididio.net\/es\/wp-json\/wp\/v2\/posts"}],"about":[{"href":"https:\/\/www.comunitafiglididio.net\/es\/wp-json\/wp\/v2\/types\/post"}],"author":[{"embeddable":true,"href":"https:\/\/www.comunitafiglididio.net\/es\/wp-json\/wp\/v2\/users\/2"}],"replies":[{"embeddable":true,"href":"https:\/\/www.comunitafiglididio.net\/es\/wp-json\/wp\/v2\/comments?post=4624"}],"version-history":[{"count":1,"href":"https:\/\/www.comunitafiglididio.net\/es\/wp-json\/wp\/v2\/posts\/4624\/revisions"}],"predecessor-version":[{"id":10492,"href":"https:\/\/www.comunitafiglididio.net\/es\/wp-json\/wp\/v2\/posts\/4624\/revisions\/10492"}],"wp:featuredmedia":[{"embeddable":true,"href":"https:\/\/www.comunitafiglididio.net\/es\/wp-json\/wp\/v2\/media\/9576"}],"wp:attachment":[{"href":"https:\/\/www.comunitafiglididio.net\/es\/wp-json\/wp\/v2\/media?parent=4624"}],"wp:term":[{"taxonomy":"category","embeddable":true,"href":"https:\/\/www.comunitafiglididio.net\/es\/wp-json\/wp\/v2\/categories?post=4624"},{"taxonomy":"post_tag","embeddable":true,"href":"https:\/\/www.comunitafiglididio.net\/es\/wp-json\/wp\/v2\/tags?post=4624"}],"curies":[{"name":"wp","href":"https:\/\/api.w.org\/{rel}","templated":true}]}}