{"id":4583,"date":"2020-12-18T11:42:45","date_gmt":"2020-12-18T10:42:45","guid":{"rendered":"https:\/\/comunitafiglididio.net\/?p=4583"},"modified":"2024-02-26T15:46:54","modified_gmt":"2024-02-26T14:46:54","slug":"esta-es-oracion","status":"publish","type":"post","link":"https:\/\/www.comunitafiglididio.net\/es\/esta-es-oracion\/","title":{"rendered":"\u00c9sta es oraci\u00f3n"},"content":{"rendered":"\r\n<p class=\"has-drop-cap has-medium-font-size wp-block-paragraph\">Hay que evitar malentendidos, cuando se habla de oraci\u00f3n continua. Se dice que el trabajo es oraci\u00f3n, que el sufrimiento es oraci\u00f3n, tambi\u00e9n se dice que el estudio es oraci\u00f3n. Al contrario, ni el trabajo es oraci\u00f3n, ni el sufrimiento es oraci\u00f3n, ni el estudio es oraci\u00f3n. S\u00f3lo la oraci\u00f3n es oraci\u00f3n, nada m\u00e1s. De por s\u00ed, el sufrimiento es sufrimiento, el estudio es estudio, el trabajo es trabajo, como tambi\u00e9n la oraci\u00f3n es oraci\u00f3n, pues dos nombres no pueden definir la misma cosa. Dos nombres identifican dos cosas distintas. Si trabajo y oraci\u00f3n, sufrimiento y oraci\u00f3n, estudio y oraci\u00f3n, fueran la misma cosa, no tendr\u00edan nombres distintos.<\/p>\r\n\r\n\r\n\r\n<p class=\"has-medium-font-size wp-block-paragraph\">Entonces, \u00bfc\u00f3mo vivir una oraci\u00f3n continua? Orar es vivir una relaci\u00f3n con Dios: el alma debe vivir esta relaci\u00f3n. \u00bfC\u00f3mo la vivir\u00e1? Tampoco la oraci\u00f3n es oraci\u00f3n, si pensamos que la oraci\u00f3n consiste en la recitaci\u00f3n de f\u00f3rmulas. En cambio, la oraci\u00f3n es un acto que propiamente establece una relaci\u00f3n con Dios y hace de manera que el hombre empiece un di\u00e1logo, un movimiento de amor, viva cierta uni\u00f3n con Dios [\u2026].<\/p>\r\n\r\n\r\n\r\n<p class=\"has-medium-font-size wp-block-paragraph\">La oraci\u00f3n continua es lo contrario que hacer continuas oraciones. La multiplicaci\u00f3n de una f\u00f3rmula, en vez de realizar una continua oraci\u00f3n parece que la hace imposible, porque la continua oraci\u00f3n no es una multiplicaci\u00f3n de actos, sino un estado de unidad, de sencillez, de pureza. Sin embargo, es s\u00f3lo por medio de la multiplicaci\u00f3n de actos que fijen el esp\u00edritu en un \u00fanico contenido inteligible como se hace posible la oraci\u00f3n pura.<\/p>\r\n\r\n\r\n\r\n<p class=\"has-medium-font-size wp-block-paragraph\">Es cierto que todo esto se cumple del modo m\u00e1s consciente y puro mediante la oraci\u00f3n com\u00fanmente entendida, la cual implica una palabra que es acto de amor, de humildad, de abandono; una palabra que incluye el acto de fe, esperanza y caridad. Pero no es cierto que un acto que de por s\u00ed no se exprese en palabra no pueda establecer una relaci\u00f3n, una uni\u00f3n. No siempre se necesita la palabra para establecer la uni\u00f3n. Tambi\u00e9n el silencio traba la uni\u00f3n, cuando el amor es profundo. O un acto. Por ejemplo, si encuentro a alguien que desde hace tiempo no veo, le aprieto la mano, aun sin hablarle. Apretar la mano establece un contacto, reafirma y reaviva una amistad, un afecto, la estima. Establezco una uni\u00f3n con aquella persona.<\/p>\r\n\r\n\r\n\r\n<p class=\"has-medium-font-size wp-block-paragraph\">Asimismo, vivo mi relaci\u00f3n con Dios a trav\u00e9s de la palabra, a trav\u00e9s del silencio, a trav\u00e9s de actos exteriores. Tambi\u00e9n ese silencio, esos actos son oraci\u00f3n, si establecen esta relaci\u00f3n. Al contrario, puedo rezar el rosario sin orar, si el rosario no me pone en contacto con Dios. Una madre que sufre al lado de lecho de su hijo enfermo vive una relaci\u00f3n con su ni\u00f1o mediante el mismo sufrimiento, mediante su ojo que lo contempla; tambi\u00e9n puede trabar la relaci\u00f3n mediante la manito del ni\u00f1o que la madre estrecha a su coraz\u00f3n; aun cuando la madre no puede estar ah\u00ed ni puede vivir otra relaci\u00f3n con el ni\u00f1o, sino la del sufrimiento de saber que no est\u00e1 a su lado, que no lo puede ver, que no sabe nada de \u00e9l. En este sufrimiento la relaci\u00f3n existe, es verdaderamente el veh\u00edculo mediante el cual la madre vive su relaci\u00f3n con el hijo.<\/p>\r\n\r\n\r\n\r\n<p class=\"has-medium-font-size wp-block-paragraph\">Del mismo g\u00e9nero es la relaci\u00f3n del padre con su hijo, cuando est\u00e1 trabajando por \u00e9l, cuando fatiga, cuando suda para obtener los medios a fin de adelantar el estudio del hijo, de educarlo, de alimentarlo. El trabajo del padre es un acto por el que el padre vive su relaci\u00f3n con el hijo. No la vive charlando todo el d\u00eda con \u00e9l, sino trabajando por \u00e9l.<\/p>\r\n\r\n\r\n\r\n<p class=\"has-medium-font-size wp-block-paragraph\">Podemos sufrir y orar, si el sufrimiento nos pone en contacto con Dios. Podemos trabajar y orar, si el trabajo nos pone en contacto con Dios. Es oraci\u00f3n el acto que pone al hombre en relaci\u00f3n con Dios, que establece este contacto y lo afianza e interioriza cada vez m\u00e1s.<\/p>\r\n\r\n\r\n\r\n<p class=\"has-medium-font-size wp-block-paragraph\">Por si sola, podemos decir que ni siquiera la oraci\u00f3n es oraci\u00f3n, cuando la oraci\u00f3n sea mera recitaci\u00f3n de f\u00f3rmulas. Oraci\u00f3n es solamente aquel acto humano que es expresi\u00f3n de fe, de esperanza, de caridad, por el que el alma se abandona, se entrega, se conf\u00eda, por el que el alma desea a su Dios y hacia \u00c9l se lanza, con \u00c9l se une, lo abraza y lo ama. \u00c9sta es oraci\u00f3n.<\/p>\r\n","protected":false},"excerpt":{"rendered":"<p>Hay que evitar malentendidos, cuando se habla de oraci\u00f3n continua. Se dice que el trabajo es oraci\u00f3n, que el sufrimiento es oraci\u00f3n, tambi\u00e9n se dice que el estudio es oraci\u00f3n. Al contrario, ni el trabajo es oraci\u00f3n, ni el sufrimiento es oraci\u00f3n, ni el estudio es oraci\u00f3n. S\u00f3lo la oraci\u00f3n es oraci\u00f3n, nada m\u00e1s. De [&hellip;]<\/p>\n","protected":false},"author":2,"featured_media":9576,"comment_status":"closed","ping_status":"closed","sticky":false,"template":"","format":"standard","meta":{"_et_pb_use_builder":"","_et_pb_old_content":"","_et_gb_content_width":"","footnotes":""},"categories":[32,34],"tags":[31,33],"class_list":["post-4583","post","type-post","status-publish","format-standard","has-post-thumbnail","hentry","category-divo-barsotti-3","category-la-palabra-del-padre","tag-divo-barsotti-4","tag-la-palabra-del-padre"],"aioseo_notices":[],"aioseo_head":"\n\t\t<!-- All in One SEO Pro 4.9.10 - aioseo.com -->\n\t<meta name=\"description\" content=\"Hay que evitar malentendidos, cuando se habla de oraci\u00f3n continua. Se dice que el trabajo es oraci\u00f3n, que el sufrimiento es oraci\u00f3n, tambi\u00e9n se dice que el estudio es oraci\u00f3n. Al contrario, ni el trabajo es oraci\u00f3n, ni el sufrimiento es oraci\u00f3n, ni el estudio es oraci\u00f3n. S\u00f3lo la oraci\u00f3n es oraci\u00f3n, nada m\u00e1s. De\" \/>\n\t<meta name=\"robots\" content=\"max-image-preview:large\" \/>\n\t<link rel=\"canonical\" href=\"https:\/\/www.comunitafiglididio.net\/es\/esta-es-oracion\/\" \/>\n\t<meta name=\"generator\" content=\"All in One SEO Pro (AIOSEO) 4.9.10\" \/>\n\t\t<meta property=\"og:locale\" content=\"es_ES\" \/>\n\t\t<meta property=\"og:site_name\" content=\"Comunit\u00e0 dei figli di Dio |\" \/>\n\t\t<meta property=\"og:type\" content=\"article\" \/>\n\t\t<meta property=\"og:title\" content=\"\u00c9sta es oraci\u00f3n | Comunit\u00e0 dei figli di Dio\" \/>\n\t\t<meta property=\"og:description\" content=\"Hay que evitar malentendidos, cuando se habla de oraci\u00f3n continua. Se dice que el trabajo es oraci\u00f3n, que el sufrimiento es oraci\u00f3n, tambi\u00e9n se dice que el estudio es oraci\u00f3n. Al contrario, ni el trabajo es oraci\u00f3n, ni el sufrimiento es oraci\u00f3n, ni el estudio es oraci\u00f3n. S\u00f3lo la oraci\u00f3n es oraci\u00f3n, nada m\u00e1s. De\" \/>\n\t\t<meta property=\"og:url\" content=\"https:\/\/www.comunitafiglididio.net\/es\/esta-es-oracion\/\" \/>\n\t\t<meta property=\"og:image\" content=\"https:\/\/www.comunitafiglididio.net\/wp-content\/uploads\/2023\/04\/favicon-comunita-figli-di-dio.webp\" \/>\n\t\t<meta property=\"og:image:secure_url\" content=\"https:\/\/www.comunitafiglididio.net\/wp-content\/uploads\/2023\/04\/favicon-comunita-figli-di-dio.webp\" \/>\n\t\t<meta property=\"og:image:width\" content=\"512\" \/>\n\t\t<meta property=\"og:image:height\" content=\"512\" \/>\n\t\t<meta property=\"article:published_time\" content=\"2020-12-18T10:42:45+00:00\" \/>\n\t\t<meta property=\"article:modified_time\" content=\"2024-02-26T14:46:54+00:00\" \/>\n\t\t<meta name=\"twitter:card\" content=\"summary_large_image\" \/>\n\t\t<meta name=\"twitter:title\" content=\"\u00c9sta es oraci\u00f3n | Comunit\u00e0 dei figli di Dio\" \/>\n\t\t<meta name=\"twitter:description\" content=\"Hay que evitar malentendidos, cuando se habla de oraci\u00f3n continua. Se dice que el trabajo es oraci\u00f3n, que el sufrimiento es oraci\u00f3n, tambi\u00e9n se dice que el estudio es oraci\u00f3n. Al contrario, ni el trabajo es oraci\u00f3n, ni el sufrimiento es oraci\u00f3n, ni el estudio es oraci\u00f3n. S\u00f3lo la oraci\u00f3n es oraci\u00f3n, nada m\u00e1s. De\" \/>\n\t\t<meta name=\"twitter:image\" content=\"https:\/\/www.comunitafiglididio.net\/wp-content\/uploads\/2023\/04\/favicon-comunita-figli-di-dio.webp\" \/>\n\t\t<script type=\"application\/ld+json\" class=\"aioseo-schema\">\n\t\t\t{\"@context\":\"https:\\\/\\\/schema.org\",\"@graph\":[{\"@type\":\"BlogPosting\",\"@id\":\"https:\\\/\\\/www.comunitafiglididio.net\\\/es\\\/esta-es-oracion\\\/#blogposting\",\"name\":\"\\u00c9sta es oraci\\u00f3n | Comunit\\u00e0 dei figli di Dio\",\"headline\":\"\\u00c9sta es oraci\\u00f3n\",\"author\":{\"@id\":\"https:\\\/\\\/www.comunitafiglididio.net\\\/es\\\/author\\\/gestorecfd\\\/#author\"},\"publisher\":{\"@id\":\"https:\\\/\\\/www.comunitafiglididio.net\\\/es\\\/#organization\"},\"image\":{\"@type\":\"ImageObject\",\"url\":\"https:\\\/\\\/www.comunitafiglididio.net\\\/wp-content\\\/uploads\\\/2022\\\/08\\\/divo-barsotti-il-padre.webp\",\"width\":1100,\"height\":700},\"datePublished\":\"2020-12-18T11:42:45+01:00\",\"dateModified\":\"2024-02-26T15:46:54+01:00\",\"inLanguage\":\"es-ES\",\"mainEntityOfPage\":{\"@id\":\"https:\\\/\\\/www.comunitafiglididio.net\\\/es\\\/esta-es-oracion\\\/#webpage\"},\"isPartOf\":{\"@id\":\"https:\\\/\\\/www.comunitafiglididio.net\\\/es\\\/esta-es-oracion\\\/#webpage\"},\"articleSection\":\"Divo Barsotti, La palabra del padre, Divo Barsotti, La palabra del padre, Opcional\"},{\"@type\":\"BreadcrumbList\",\"@id\":\"https:\\\/\\\/www.comunitafiglididio.net\\\/es\\\/esta-es-oracion\\\/#breadcrumblist\",\"itemListElement\":[{\"@type\":\"ListItem\",\"@id\":\"https:\\\/\\\/www.comunitafiglididio.net\\\/es\\\/#listItem\",\"position\":1,\"name\":\"Home\",\"item\":\"https:\\\/\\\/www.comunitafiglididio.net\\\/es\\\/\",\"nextItem\":{\"@type\":\"ListItem\",\"@id\":\"https:\\\/\\\/www.comunitafiglididio.net\\\/es\\\/category\\\/divo-barsotti-3\\\/#listItem\",\"name\":\"Divo Barsotti\"}},{\"@type\":\"ListItem\",\"@id\":\"https:\\\/\\\/www.comunitafiglididio.net\\\/es\\\/category\\\/divo-barsotti-3\\\/#listItem\",\"position\":2,\"name\":\"Divo Barsotti\",\"item\":\"https:\\\/\\\/www.comunitafiglididio.net\\\/es\\\/category\\\/divo-barsotti-3\\\/\",\"nextItem\":{\"@type\":\"ListItem\",\"@id\":\"https:\\\/\\\/www.comunitafiglididio.net\\\/es\\\/esta-es-oracion\\\/#listItem\",\"name\":\"\\u00c9sta es oraci\\u00f3n\"},\"previousItem\":{\"@type\":\"ListItem\",\"@id\":\"https:\\\/\\\/www.comunitafiglididio.net\\\/es\\\/#listItem\",\"name\":\"Home\"}},{\"@type\":\"ListItem\",\"@id\":\"https:\\\/\\\/www.comunitafiglididio.net\\\/es\\\/esta-es-oracion\\\/#listItem\",\"position\":3,\"name\":\"\\u00c9sta es oraci\\u00f3n\",\"previousItem\":{\"@type\":\"ListItem\",\"@id\":\"https:\\\/\\\/www.comunitafiglididio.net\\\/es\\\/category\\\/divo-barsotti-3\\\/#listItem\",\"name\":\"Divo Barsotti\"}}]},{\"@type\":\"Organization\",\"@id\":\"https:\\\/\\\/www.comunitafiglididio.net\\\/es\\\/#organization\",\"name\":\"Comunit\\u00e0 dei Figli di Dio\",\"url\":\"https:\\\/\\\/www.comunitafiglididio.net\\\/es\\\/\",\"logo\":{\"@type\":\"ImageObject\",\"url\":\"https:\\\/\\\/www.comunitafiglididio.net\\\/wp-content\\\/uploads\\\/2023\\\/04\\\/favicon-comunita-figli-di-dio.webp\",\"@id\":\"https:\\\/\\\/www.comunitafiglididio.net\\\/es\\\/esta-es-oracion\\\/#organizationLogo\",\"width\":512,\"height\":512},\"image\":{\"@id\":\"https:\\\/\\\/www.comunitafiglididio.net\\\/es\\\/esta-es-oracion\\\/#organizationLogo\"},\"sameAs\":[\"https:\\\/\\\/www.youtube.com\\\/channel\\\/UC_tqDZM6AxgkNPhIX3SzZdA\"]},{\"@type\":\"Person\",\"@id\":\"https:\\\/\\\/www.comunitafiglididio.net\\\/es\\\/author\\\/gestorecfd\\\/#author\",\"url\":\"https:\\\/\\\/www.comunitafiglididio.net\\\/es\\\/author\\\/gestorecfd\\\/\"},{\"@type\":\"WebPage\",\"@id\":\"https:\\\/\\\/www.comunitafiglididio.net\\\/es\\\/esta-es-oracion\\\/#webpage\",\"url\":\"https:\\\/\\\/www.comunitafiglididio.net\\\/es\\\/esta-es-oracion\\\/\",\"name\":\"\\u00c9sta es oraci\\u00f3n | Comunit\\u00e0 dei figli di Dio\",\"description\":\"Hay que evitar malentendidos, cuando se habla de oraci\\u00f3n continua. Se dice que el trabajo es oraci\\u00f3n, que el sufrimiento es oraci\\u00f3n, tambi\\u00e9n se dice que el estudio es oraci\\u00f3n. Al contrario, ni el trabajo es oraci\\u00f3n, ni el sufrimiento es oraci\\u00f3n, ni el estudio es oraci\\u00f3n. S\\u00f3lo la oraci\\u00f3n es oraci\\u00f3n, nada m\\u00e1s. De\",\"inLanguage\":\"es-ES\",\"isPartOf\":{\"@id\":\"https:\\\/\\\/www.comunitafiglididio.net\\\/es\\\/#website\"},\"breadcrumb\":{\"@id\":\"https:\\\/\\\/www.comunitafiglididio.net\\\/es\\\/esta-es-oracion\\\/#breadcrumblist\"},\"author\":{\"@id\":\"https:\\\/\\\/www.comunitafiglididio.net\\\/es\\\/author\\\/gestorecfd\\\/#author\"},\"creator\":{\"@id\":\"https:\\\/\\\/www.comunitafiglididio.net\\\/es\\\/author\\\/gestorecfd\\\/#author\"},\"image\":{\"@type\":\"ImageObject\",\"url\":\"https:\\\/\\\/www.comunitafiglididio.net\\\/wp-content\\\/uploads\\\/2022\\\/08\\\/divo-barsotti-il-padre.webp\",\"@id\":\"https:\\\/\\\/www.comunitafiglididio.net\\\/es\\\/esta-es-oracion\\\/#mainImage\",\"width\":1100,\"height\":700},\"primaryImageOfPage\":{\"@id\":\"https:\\\/\\\/www.comunitafiglididio.net\\\/es\\\/esta-es-oracion\\\/#mainImage\"},\"datePublished\":\"2020-12-18T11:42:45+01:00\",\"dateModified\":\"2024-02-26T15:46:54+01:00\"},{\"@type\":\"WebSite\",\"@id\":\"https:\\\/\\\/www.comunitafiglididio.net\\\/es\\\/#website\",\"url\":\"https:\\\/\\\/www.comunitafiglididio.net\\\/es\\\/\",\"name\":\"Comunit\\u00e0 dei Figli di Dio\",\"inLanguage\":\"es-ES\",\"publisher\":{\"@id\":\"https:\\\/\\\/www.comunitafiglididio.net\\\/es\\\/#organization\"}}]}\n\t\t<\/script>\n\t\t<!-- All in One SEO Pro -->\r\n\t\t<title>\u00c9sta es oraci\u00f3n | Comunit\u00e0 dei figli di Dio<\/title>\n\n","aioseo_head_json":{"title":"\u00c9sta es oraci\u00f3n | Comunit\u00e0 dei figli di Dio","description":"Hay que evitar malentendidos, cuando se habla de oraci\u00f3n continua. Se dice que el trabajo es oraci\u00f3n, que el sufrimiento es oraci\u00f3n, tambi\u00e9n se dice que el estudio es oraci\u00f3n. Al contrario, ni el trabajo es oraci\u00f3n, ni el sufrimiento es oraci\u00f3n, ni el estudio es oraci\u00f3n. S\u00f3lo la oraci\u00f3n es oraci\u00f3n, nada m\u00e1s. De","canonical_url":"https:\/\/www.comunitafiglididio.net\/es\/esta-es-oracion\/","robots":"max-image-preview:large","keywords":"","webmasterTools":{"miscellaneous":""},"schema":{"@context":"https:\/\/schema.org","@graph":[{"@type":"BlogPosting","@id":"https:\/\/www.comunitafiglididio.net\/es\/esta-es-oracion\/#blogposting","name":"\u00c9sta es oraci\u00f3n | Comunit\u00e0 dei figli di Dio","headline":"\u00c9sta es oraci\u00f3n","author":{"@id":"https:\/\/www.comunitafiglididio.net\/es\/author\/gestorecfd\/#author"},"publisher":{"@id":"https:\/\/www.comunitafiglididio.net\/es\/#organization"},"image":{"@type":"ImageObject","url":"https:\/\/www.comunitafiglididio.net\/wp-content\/uploads\/2022\/08\/divo-barsotti-il-padre.webp","width":1100,"height":700},"datePublished":"2020-12-18T11:42:45+01:00","dateModified":"2024-02-26T15:46:54+01:00","inLanguage":"es-ES","mainEntityOfPage":{"@id":"https:\/\/www.comunitafiglididio.net\/es\/esta-es-oracion\/#webpage"},"isPartOf":{"@id":"https:\/\/www.comunitafiglididio.net\/es\/esta-es-oracion\/#webpage"},"articleSection":"Divo Barsotti, La palabra del padre, Divo Barsotti, La palabra del padre, Opcional"},{"@type":"BreadcrumbList","@id":"https:\/\/www.comunitafiglididio.net\/es\/esta-es-oracion\/#breadcrumblist","itemListElement":[{"@type":"ListItem","@id":"https:\/\/www.comunitafiglididio.net\/es\/#listItem","position":1,"name":"Home","item":"https:\/\/www.comunitafiglididio.net\/es\/","nextItem":{"@type":"ListItem","@id":"https:\/\/www.comunitafiglididio.net\/es\/category\/divo-barsotti-3\/#listItem","name":"Divo Barsotti"}},{"@type":"ListItem","@id":"https:\/\/www.comunitafiglididio.net\/es\/category\/divo-barsotti-3\/#listItem","position":2,"name":"Divo Barsotti","item":"https:\/\/www.comunitafiglididio.net\/es\/category\/divo-barsotti-3\/","nextItem":{"@type":"ListItem","@id":"https:\/\/www.comunitafiglididio.net\/es\/esta-es-oracion\/#listItem","name":"\u00c9sta es oraci\u00f3n"},"previousItem":{"@type":"ListItem","@id":"https:\/\/www.comunitafiglididio.net\/es\/#listItem","name":"Home"}},{"@type":"ListItem","@id":"https:\/\/www.comunitafiglididio.net\/es\/esta-es-oracion\/#listItem","position":3,"name":"\u00c9sta es oraci\u00f3n","previousItem":{"@type":"ListItem","@id":"https:\/\/www.comunitafiglididio.net\/es\/category\/divo-barsotti-3\/#listItem","name":"Divo Barsotti"}}]},{"@type":"Organization","@id":"https:\/\/www.comunitafiglididio.net\/es\/#organization","name":"Comunit\u00e0 dei Figli di Dio","url":"https:\/\/www.comunitafiglididio.net\/es\/","logo":{"@type":"ImageObject","url":"https:\/\/www.comunitafiglididio.net\/wp-content\/uploads\/2023\/04\/favicon-comunita-figli-di-dio.webp","@id":"https:\/\/www.comunitafiglididio.net\/es\/esta-es-oracion\/#organizationLogo","width":512,"height":512},"image":{"@id":"https:\/\/www.comunitafiglididio.net\/es\/esta-es-oracion\/#organizationLogo"},"sameAs":["https:\/\/www.youtube.com\/channel\/UC_tqDZM6AxgkNPhIX3SzZdA"]},{"@type":"Person","@id":"https:\/\/www.comunitafiglididio.net\/es\/author\/gestorecfd\/#author","url":"https:\/\/www.comunitafiglididio.net\/es\/author\/gestorecfd\/"},{"@type":"WebPage","@id":"https:\/\/www.comunitafiglididio.net\/es\/esta-es-oracion\/#webpage","url":"https:\/\/www.comunitafiglididio.net\/es\/esta-es-oracion\/","name":"\u00c9sta es oraci\u00f3n | Comunit\u00e0 dei figli di Dio","description":"Hay que evitar malentendidos, cuando se habla de oraci\u00f3n continua. Se dice que el trabajo es oraci\u00f3n, que el sufrimiento es oraci\u00f3n, tambi\u00e9n se dice que el estudio es oraci\u00f3n. Al contrario, ni el trabajo es oraci\u00f3n, ni el sufrimiento es oraci\u00f3n, ni el estudio es oraci\u00f3n. S\u00f3lo la oraci\u00f3n es oraci\u00f3n, nada m\u00e1s. De","inLanguage":"es-ES","isPartOf":{"@id":"https:\/\/www.comunitafiglididio.net\/es\/#website"},"breadcrumb":{"@id":"https:\/\/www.comunitafiglididio.net\/es\/esta-es-oracion\/#breadcrumblist"},"author":{"@id":"https:\/\/www.comunitafiglididio.net\/es\/author\/gestorecfd\/#author"},"creator":{"@id":"https:\/\/www.comunitafiglididio.net\/es\/author\/gestorecfd\/#author"},"image":{"@type":"ImageObject","url":"https:\/\/www.comunitafiglididio.net\/wp-content\/uploads\/2022\/08\/divo-barsotti-il-padre.webp","@id":"https:\/\/www.comunitafiglididio.net\/es\/esta-es-oracion\/#mainImage","width":1100,"height":700},"primaryImageOfPage":{"@id":"https:\/\/www.comunitafiglididio.net\/es\/esta-es-oracion\/#mainImage"},"datePublished":"2020-12-18T11:42:45+01:00","dateModified":"2024-02-26T15:46:54+01:00"},{"@type":"WebSite","@id":"https:\/\/www.comunitafiglididio.net\/es\/#website","url":"https:\/\/www.comunitafiglididio.net\/es\/","name":"Comunit\u00e0 dei Figli di Dio","inLanguage":"es-ES","publisher":{"@id":"https:\/\/www.comunitafiglididio.net\/es\/#organization"}}]},"og:locale":"es_ES","og:site_name":"Comunit\u00e0 dei figli di Dio |","og:type":"article","og:title":"\u00c9sta es oraci\u00f3n | Comunit\u00e0 dei figli di Dio","og:description":"Hay que evitar malentendidos, cuando se habla de oraci\u00f3n continua. Se dice que el trabajo es oraci\u00f3n, que el sufrimiento es oraci\u00f3n, tambi\u00e9n se dice que el estudio es oraci\u00f3n. Al contrario, ni el trabajo es oraci\u00f3n, ni el sufrimiento es oraci\u00f3n, ni el estudio es oraci\u00f3n. S\u00f3lo la oraci\u00f3n es oraci\u00f3n, nada m\u00e1s. De","og:url":"https:\/\/www.comunitafiglididio.net\/es\/esta-es-oracion\/","og:image":"https:\/\/www.comunitafiglididio.net\/wp-content\/uploads\/2023\/04\/favicon-comunita-figli-di-dio.webp","og:image:secure_url":"https:\/\/www.comunitafiglididio.net\/wp-content\/uploads\/2023\/04\/favicon-comunita-figli-di-dio.webp","og:image:width":512,"og:image:height":512,"article:published_time":"2020-12-18T10:42:45+00:00","article:modified_time":"2024-02-26T14:46:54+00:00","twitter:card":"summary_large_image","twitter:title":"\u00c9sta es oraci\u00f3n | Comunit\u00e0 dei figli di Dio","twitter:description":"Hay que evitar malentendidos, cuando se habla de oraci\u00f3n continua. Se dice que el trabajo es oraci\u00f3n, que el sufrimiento es oraci\u00f3n, tambi\u00e9n se dice que el estudio es oraci\u00f3n. Al contrario, ni el trabajo es oraci\u00f3n, ni el sufrimiento es oraci\u00f3n, ni el estudio es oraci\u00f3n. S\u00f3lo la oraci\u00f3n es oraci\u00f3n, nada m\u00e1s. De","twitter:image":"https:\/\/www.comunitafiglididio.net\/wp-content\/uploads\/2023\/04\/favicon-comunita-figli-di-dio.webp"},"aioseo_meta_data":{"post_id":"4583","title":null,"description":null,"keywords":[],"keyphrases":{"focus":{"keyphrase":"","score":0,"analysis":{"keyphraseInTitle":{"score":0,"maxScore":9,"error":1}}},"additional":[]},"primary_term":null,"canonical_url":null,"og_title":null,"og_description":null,"og_object_type":"default","og_image_type":"default","og_image_url":null,"og_image_width":null,"og_image_height":null,"og_image_custom_url":null,"og_image_custom_fields":null,"og_video":"","og_custom_url":null,"og_article_section":null,"og_article_tags":[],"twitter_use_og":false,"twitter_card":"default","twitter_image_type":"default","twitter_image_url":null,"twitter_image_custom_url":null,"twitter_image_custom_fields":null,"twitter_title":null,"twitter_description":null,"schema":{"blockGraphs":[],"customGraphs":[],"default":{"data":{"Article":[],"Course":[],"Dataset":[],"FAQPage":[],"Movie":[],"Person":[],"Product":[],"ProductReview":[],"Car":[],"Recipe":[],"Service":[],"SoftwareApplication":[],"WebPage":[]},"graphName":"BlogPosting","isEnabled":true},"graphs":[]},"schema_type":"default","schema_type_options":null,"pillar_content":false,"robots_default":true,"robots_noindex":false,"robots_noarchive":false,"robots_nosnippet":false,"robots_nofollow":false,"robots_noimageindex":false,"robots_noodp":false,"robots_notranslate":false,"robots_max_snippet":"-1","robots_max_videopreview":"-1","robots_max_imagepreview":"large","priority":null,"frequency":"default","local_seo":null,"limit_modified_date":false,"open_ai":"{\"title\":{\"suggestions\":[],\"usage\":0},\"description\":{\"suggestions\":[],\"usage\":0}}","created":"2024-02-14 08:54:59","updated":"2026-07-30 12:40:52","ai":null,"breadcrumb_settings":null,"seo_analyzer_scan_date":"2026-07-30 12:13:59"},"aioseo_breadcrumb":"<div class=\"aioseo-breadcrumbs\"><span class=\"aioseo-breadcrumb\">\n\t<a href=\"https:\/\/www.comunitafiglididio.net\/es\/\" title=\"Home\">Home<\/a>\n<\/span><span class=\"aioseo-breadcrumb-separator\">&raquo;<\/span><span class=\"aioseo-breadcrumb\">\n\t<a href=\"https:\/\/www.comunitafiglididio.net\/es\/category\/divo-barsotti-3\/\" title=\"Divo Barsotti\">Divo Barsotti<\/a>\n<\/span><span class=\"aioseo-breadcrumb-separator\">&raquo;<\/span><span class=\"aioseo-breadcrumb\">\n\t\u00c9sta es oraci\u00f3n\n<\/span><\/div>","aioseo_breadcrumb_json":[{"label":"Home","link":"https:\/\/www.comunitafiglididio.net\/es\/"},{"label":"Divo Barsotti","link":"https:\/\/www.comunitafiglididio.net\/es\/category\/divo-barsotti-3\/"},{"label":"\u00c9sta es oraci\u00f3n","link":"https:\/\/www.comunitafiglididio.net\/es\/esta-es-oracion\/"}],"_links":{"self":[{"href":"https:\/\/www.comunitafiglididio.net\/es\/wp-json\/wp\/v2\/posts\/4583","targetHints":{"allow":["GET"]}}],"collection":[{"href":"https:\/\/www.comunitafiglididio.net\/es\/wp-json\/wp\/v2\/posts"}],"about":[{"href":"https:\/\/www.comunitafiglididio.net\/es\/wp-json\/wp\/v2\/types\/post"}],"author":[{"embeddable":true,"href":"https:\/\/www.comunitafiglididio.net\/es\/wp-json\/wp\/v2\/users\/2"}],"replies":[{"embeddable":true,"href":"https:\/\/www.comunitafiglididio.net\/es\/wp-json\/wp\/v2\/comments?post=4583"}],"version-history":[{"count":1,"href":"https:\/\/www.comunitafiglididio.net\/es\/wp-json\/wp\/v2\/posts\/4583\/revisions"}],"predecessor-version":[{"id":10436,"href":"https:\/\/www.comunitafiglididio.net\/es\/wp-json\/wp\/v2\/posts\/4583\/revisions\/10436"}],"wp:featuredmedia":[{"embeddable":true,"href":"https:\/\/www.comunitafiglididio.net\/es\/wp-json\/wp\/v2\/media\/9576"}],"wp:attachment":[{"href":"https:\/\/www.comunitafiglididio.net\/es\/wp-json\/wp\/v2\/media?parent=4583"}],"wp:term":[{"taxonomy":"category","embeddable":true,"href":"https:\/\/www.comunitafiglididio.net\/es\/wp-json\/wp\/v2\/categories?post=4583"},{"taxonomy":"post_tag","embeddable":true,"href":"https:\/\/www.comunitafiglididio.net\/es\/wp-json\/wp\/v2\/tags?post=4583"}],"curies":[{"name":"wp","href":"https:\/\/api.w.org\/{rel}","templated":true}]}}